{"id":34082,"date":"2022-03-18T23:44:16","date_gmt":"2022-03-18T23:44:16","guid":{"rendered":"http:\/\/vocesver.com\/noticias\/?p=34082"},"modified":"2022-03-18T23:46:22","modified_gmt":"2022-03-18T23:46:22","slug":"gestiona-rosa-maria-hernandez-espejo-regularizacion-de-la-tierra","status":"publish","type":"post","link":"http:\/\/vocesver.com\/noticias\/gestiona-rosa-maria-hernandez-espejo-regularizacion-de-la-tierra\/","title":{"rendered":"Gestiona Rosa Mar\u00eda Hern\u00e1ndez Espejo regularizaci\u00f3n de la tierra"},"content":{"rendered":"\n<p>Atiende a los habitantes del ejido Las Bajadas**Vota en favor del trato justo y humano a la mujer en embarazo**Exhortar\u00e1 a la Secretar\u00eda del Trabajo a resolver el tema de maniobristas<br><br><br><br>REDACCI\u00d3N\/VOCESVER.COM\/NOTICIAS<br><br>CDMX.- La diputada federal de Morena por Veracruz, Rosa Mar\u00eda Hern\u00e1ndez Espejo se reuni\u00f3 con integrantes Secretar\u00eda de Desarrollo Agrario, Territorial y Urbano (SEDATU) en el Congreso de la Uni\u00f3n.<br><br>El encuentro tuvo como objetivo establecer mecanismos de intercomunicaci\u00f3n para resolver solicitudes ciudadanas en materia de tenencia de la tierra.<br><br>Dijo que durante su campa\u00f1a en busca del voto, una de las solicitudes recurrentes fue la regularizaci\u00f3n del Ejido Las Bajadas, constituida por m\u00e1s de 4 mil lotes habitados.<br><br>La integrante de la LXV Legislatura y representante de los porte\u00f1os del Distrito 4 de Veracruz, dijo que en su facultad de gestora tambi\u00e9n impulsa la regularizaci\u00f3n de una poligonal de Ferrocarriles Mexicanos.<br><br>Hern\u00e1ndez Espejo expres\u00f3 que junto con la bancada de Morena, vot\u00f3 a favor de las reformas y adiciones a la Ley General de Salud, y a la Ley General de Acceso a las Mujeres a una Vida Libre de Violencia, en materia de violencia obst\u00e9trica.<br><br>Manifest\u00f3 que con esta acci\u00f3n legislativa, se garantizar\u00e1 un trato digno, justo y humano a la mujer durante el embarazo, parto y puerperio en los hospitales; con el fin de acabar con el maltrato, humillaciones y falta de atenci\u00f3n oportuna a las mujeres embarazadas.<br><br>\u201cTambi\u00e9n trabajamos en un exhorto a la Secretar\u00eda del Trabajo para que haga lo conducente y se resuelva ya el problema de cientos de trabajadores portuarios de los sindicatos de maniobristas, carretilleros, cargadores y estibadores que tambi\u00e9n tienen a\u00f1os esperando una soluci\u00f3n a su problema\u201d, finaliz\u00f3.<br><br><br><br><br><br><br><br><br><br><br><br><br><br><br><br><br><br><br><br><br><br><br><br><br><br><br><br><br><br><br><br><\/p>\n","protected":false},"excerpt":{"rendered":"<p>Atiende a los habitantes del ejido Las Bajadas**Vota en favor del trato justo y humano a la mujer en embarazo**Exhortar\u00e1<\/p>\n","protected":false},"author":2,"featured_media":34090,"comment_status":"open","ping_status":"open","sticky":false,"template":"","format":"standard","meta":{"colormag_page_container_layout":"default_layout","colormag_page_sidebar_layout":"default_layout","footnotes":""},"categories":[5],"tags":[],"class_list":["post-34082","post","type-post","status-publish","format-standard","has-post-thumbnail","hentry","category-nacional"],"_links":{"self":[{"href":"http:\/\/vocesver.com\/noticias\/wp-json\/wp\/v2\/posts\/34082","targetHints":{"allow":["GET"]}}],"collection":[{"href":"http:\/\/vocesver.com\/noticias\/wp-json\/wp\/v2\/posts"}],"about":[{"href":"http:\/\/vocesver.com\/noticias\/wp-json\/wp\/v2\/types\/post"}],"author":[{"embeddable":true,"href":"http:\/\/vocesver.com\/noticias\/wp-json\/wp\/v2\/users\/2"}],"replies":[{"embeddable":true,"href":"http:\/\/vocesver.com\/noticias\/wp-json\/wp\/v2\/comments?post=34082"}],"version-history":[{"count":2,"href":"http:\/\/vocesver.com\/noticias\/wp-json\/wp\/v2\/posts\/34082\/revisions"}],"predecessor-version":[{"id":34089,"href":"http:\/\/vocesver.com\/noticias\/wp-json\/wp\/v2\/posts\/34082\/revisions\/34089"}],"wp:featuredmedia":[{"embeddable":true,"href":"http:\/\/vocesver.com\/noticias\/wp-json\/wp\/v2\/media\/34090"}],"wp:attachment":[{"href":"http:\/\/vocesver.com\/noticias\/wp-json\/wp\/v2\/media?parent=34082"}],"wp:term":[{"taxonomy":"category","embeddable":true,"href":"http:\/\/vocesver.com\/noticias\/wp-json\/wp\/v2\/categories?post=34082"},{"taxonomy":"post_tag","embeddable":true,"href":"http:\/\/vocesver.com\/noticias\/wp-json\/wp\/v2\/tags?post=34082"}],"curies":[{"name":"wp","href":"https:\/\/api.w.org\/{rel}","templated":true}]}}