{"id":34078,"date":"2022-03-18T23:33:38","date_gmt":"2022-03-18T23:33:38","guid":{"rendered":"http:\/\/vocesver.com\/noticias\/?p=34078"},"modified":"2022-03-18T23:33:41","modified_gmt":"2022-03-18T23:33:41","slug":"evidenciados-de-nueva-cuenta-los-diputados-locales-de-morena-ahora-por-parte-del-tepjf-en-el-tema-de-las-prerrogativas-sergio-cadena","status":"publish","type":"post","link":"http:\/\/vocesver.com\/noticias\/evidenciados-de-nueva-cuenta-los-diputados-locales-de-morena-ahora-por-parte-del-tepjf-en-el-tema-de-las-prerrogativas-sergio-cadena\/","title":{"rendered":"Evidenciados de nueva cuenta, los Diputados locales de Morena; ahora, por parte del TEPJF, en el tema de las prerrogativas: Sergio Cadena"},"content":{"rendered":"\n<p><br>REDACCI\u00d3N\/VOCESVER.COM\/NOTICIAS<br><br>Xalapa, Ver., a 18 de marzo de 2022.- Por resultar lesiva a la democracia y aprobarse fuera de tiempo, la Sala Regional de Xalapa del TEPJF, declar\u00f3 infundados los argumentos planteados por el Partido Movimiento de Regeneraci\u00f3n Nacional (MORENA), con los cuales buscaban disminuir en un 50 por ciento las prerrogativas a los partidos pol\u00edticos, se\u00f1al\u00f3 en entrevista el dirigente Estatal del PRD, Sergio Cadena Mart\u00ednez.<br><br>El dirigente perredista, coment\u00f3 que Morena hab\u00eda solicitado la reducci\u00f3n de la dieta mensual para gastos de operaci\u00f3n a los partidos nacionales con registro estatal, con la falacia de \u201ceficentar\u201d los recursos p\u00fablicos, afectando el desempe\u00f1o de las diversas fuerzas pol\u00edticas.<br><br>Sin embargo, toda vez que se aprob\u00f3 fuera de los tiempos establecidos, se confirma la determinaci\u00f3n adoptada en primera instancia por el Tribunal Electoral de Veracruz, quien determin\u00f3 no aplicar la disminuci\u00f3n de las prerrogativas a los partidos.<br>\u201cEl Presidente busca acallar las voces opositoras con este tipo de acciones, para evitar que se\u00f1alemos sus errores y mostremos a la poblaci\u00f3n su incapacidad para gobernar el pa\u00eds y el estado\u201d, apunt\u00f3.<br><br>Cadena Mart\u00ednez afirm\u00f3 que, sojuzgar a la oposici\u00f3n, no es el camino para la consolidaci\u00f3n democr\u00e1tica del pa\u00eds, ya que toda transformaci\u00f3n, requiere vocaci\u00f3n de servicio, entrega, resultados y acuerdos democr\u00e1ticos entre todas las fuerzas pol\u00edticas y sociales.<br><br>\u201cEl actual gobierno busca acallar y desaparecer a la oposici\u00f3n, reducir su margen de acci\u00f3n y presencia en el pa\u00eds y en la entidad; los perredistas de Veracruz no lo vamos a permitir, seguiremos luchando contra viento y marea por ser la voz de la gente, con propuestas en pro del desarrollo, pero tambi\u00e9n se\u00f1alando lo que est\u00e1 mal. Somos un partido responsable con nuestra gente, que es a quien nos debemos\u201d, destac\u00f3.<br>El dirigente Estatal del PRD, Sergio Cadena se\u00f1al\u00f3 que vigilar\u00e1n este tipo de acciones que buscan desestabilizar el ambiente pol\u00edtico del pa\u00eds y la entidad y defender\u00e1 con determinaci\u00f3n la autonom\u00eda de su partido, concluy\u00f3.<br><br><br><br><br><br><br><br><br><br><br><br><br><br><br><br><br><br><br><br><br><br><br><br><br><br><br><br><br><br><br><br><br><br><br><br><br><br><br><br><br><br><br><\/p>\n","protected":false},"excerpt":{"rendered":"<p>REDACCI\u00d3N\/VOCESVER.COM\/NOTICIAS Xalapa, Ver., a 18 de marzo de 2022.- Por resultar lesiva a la democracia y aprobarse fuera de tiempo,<\/p>\n","protected":false},"author":2,"featured_media":34083,"comment_status":"open","ping_status":"open","sticky":false,"template":"","format":"standard","meta":{"colormag_page_container_layout":"default_layout","colormag_page_sidebar_layout":"default_layout","footnotes":""},"categories":[4],"tags":[],"class_list":["post-34078","post","type-post","status-publish","format-standard","has-post-thumbnail","hentry","category-estatal"],"_links":{"self":[{"href":"http:\/\/vocesver.com\/noticias\/wp-json\/wp\/v2\/posts\/34078","targetHints":{"allow":["GET"]}}],"collection":[{"href":"http:\/\/vocesver.com\/noticias\/wp-json\/wp\/v2\/posts"}],"about":[{"href":"http:\/\/vocesver.com\/noticias\/wp-json\/wp\/v2\/types\/post"}],"author":[{"embeddable":true,"href":"http:\/\/vocesver.com\/noticias\/wp-json\/wp\/v2\/users\/2"}],"replies":[{"embeddable":true,"href":"http:\/\/vocesver.com\/noticias\/wp-json\/wp\/v2\/comments?post=34078"}],"version-history":[{"count":2,"href":"http:\/\/vocesver.com\/noticias\/wp-json\/wp\/v2\/posts\/34078\/revisions"}],"predecessor-version":[{"id":34084,"href":"http:\/\/vocesver.com\/noticias\/wp-json\/wp\/v2\/posts\/34078\/revisions\/34084"}],"wp:featuredmedia":[{"embeddable":true,"href":"http:\/\/vocesver.com\/noticias\/wp-json\/wp\/v2\/media\/34083"}],"wp:attachment":[{"href":"http:\/\/vocesver.com\/noticias\/wp-json\/wp\/v2\/media?parent=34078"}],"wp:term":[{"taxonomy":"category","embeddable":true,"href":"http:\/\/vocesver.com\/noticias\/wp-json\/wp\/v2\/categories?post=34078"},{"taxonomy":"post_tag","embeddable":true,"href":"http:\/\/vocesver.com\/noticias\/wp-json\/wp\/v2\/tags?post=34078"}],"curies":[{"name":"wp","href":"https:\/\/api.w.org\/{rel}","templated":true}]}}