{"id":34073,"date":"2022-03-18T23:16:32","date_gmt":"2022-03-18T23:16:32","guid":{"rendered":"http:\/\/vocesver.com\/noticias\/?p=34073"},"modified":"2022-03-18T23:39:02","modified_gmt":"2022-03-18T23:39:02","slug":"armador-abandona-a-su-suerte-a-37-tripulantes-consecuencia-de-la-guerra-entre-rusia-y-ucrania","status":"publish","type":"post","link":"http:\/\/vocesver.com\/noticias\/armador-abandona-a-su-suerte-a-37-tripulantes-consecuencia-de-la-guerra-entre-rusia-y-ucrania\/","title":{"rendered":"ARMADOR ABANDONA A SU SUERTE A 37 TRIPULANTES  CONSECUENCIA DE LA GUERRA ENTRE RUSIA Y UCRANIA."},"content":{"rendered":"\n<p>\u00b0Los afectados son de nacionalida rusa y ucranianos.<br>\u00b0ITF de M\u00e9xico no descarta que en breve se presentes casos similares en puertos mexicanos.<br>\u00b0Los involucrados  vienen a bordo del BBC \u201cHUNTER\u201d DE BANDERA DE BELICE.<br>AUSENCIO RIVERA\/VOCESVER.COM\/NOTICIAS<br>Veracruz,Ver.- a  18 de Marzo 2022.- Alrededor de 37 marineros entre rusos y ucranianos que se han visto afectados por la guerra entre ambos pa\u00edses ha sido abandonados por el Armador en el Puerto de las Palmas de Gran Canaria..<br>Al respecto el Capit\u00e1n Enrique Lozano D\u00edaz inspector de la Federaci\u00f3n Internacional de los Trabajadores del Transporte por su siglas en ingl\u00e9s( ITF)en el puerto de Veracruz inform\u00f3 que de acuerdo a la informaci\u00f3n que ha llegado a esta federaci\u00f3n los trabajadores del buque \u201cHunter\u201d de Bandera de Conveniencia de Belice y con un armador afincado en Mosc\u00fa, estos han sido abandonados a su su suerte.<br>El buque factor\u00eda Hunter lleg\u00f3 al Puerto de la Luz y de las Palmas el pasado 18 de febrero con 37 tripulante de nacionalidad rusa y ucraniana.<br>Reconoci\u00f3 que el caso es ir\u00f3nico  porque los marineros involucrados Rusos y Ucranianos juntos a bordo del buque se ayudan entre ellos.<br>De acuerdo a esta informaci\u00f3n ya se empiezan a ver las afectaciones de esta guerra  a las tripulaciones de Ucrania y Rusia.<br>En base a ello dijo que la ITF de M\u00e9xico no descarta que en puertos mexicanos sucedan casos de marinos de esas nacionalidades varados sin poder regresar a sus pa\u00edses en conflicto.<br><br><br><br><br><br><br><br><br><br><br><br><br><br><br><br><br><br><br><br><br><br><br><br><br><br><br><br><br><\/p>\n","protected":false},"excerpt":{"rendered":"<p>\u00b0Los afectados son de nacionalida rusa y ucranianos.\u00b0ITF de M\u00e9xico no descarta que en breve se presentes casos similares en<\/p>\n","protected":false},"author":2,"featured_media":34080,"comment_status":"open","ping_status":"open","sticky":false,"template":"","format":"standard","meta":{"colormag_page_container_layout":"default_layout","colormag_page_sidebar_layout":"default_layout","footnotes":""},"categories":[2],"tags":[],"class_list":["post-34073","post","type-post","status-publish","format-standard","has-post-thumbnail","hentry","category-infogral"],"_links":{"self":[{"href":"http:\/\/vocesver.com\/noticias\/wp-json\/wp\/v2\/posts\/34073","targetHints":{"allow":["GET"]}}],"collection":[{"href":"http:\/\/vocesver.com\/noticias\/wp-json\/wp\/v2\/posts"}],"about":[{"href":"http:\/\/vocesver.com\/noticias\/wp-json\/wp\/v2\/types\/post"}],"author":[{"embeddable":true,"href":"http:\/\/vocesver.com\/noticias\/wp-json\/wp\/v2\/users\/2"}],"replies":[{"embeddable":true,"href":"http:\/\/vocesver.com\/noticias\/wp-json\/wp\/v2\/comments?post=34073"}],"version-history":[{"count":3,"href":"http:\/\/vocesver.com\/noticias\/wp-json\/wp\/v2\/posts\/34073\/revisions"}],"predecessor-version":[{"id":34086,"href":"http:\/\/vocesver.com\/noticias\/wp-json\/wp\/v2\/posts\/34073\/revisions\/34086"}],"wp:featuredmedia":[{"embeddable":true,"href":"http:\/\/vocesver.com\/noticias\/wp-json\/wp\/v2\/media\/34080"}],"wp:attachment":[{"href":"http:\/\/vocesver.com\/noticias\/wp-json\/wp\/v2\/media?parent=34073"}],"wp:term":[{"taxonomy":"category","embeddable":true,"href":"http:\/\/vocesver.com\/noticias\/wp-json\/wp\/v2\/categories?post=34073"},{"taxonomy":"post_tag","embeddable":true,"href":"http:\/\/vocesver.com\/noticias\/wp-json\/wp\/v2\/tags?post=34073"}],"curies":[{"name":"wp","href":"https:\/\/api.w.org\/{rel}","templated":true}]}}