{"id":34067,"date":"2022-03-17T23:34:42","date_gmt":"2022-03-17T23:34:42","guid":{"rendered":"http:\/\/vocesver.com\/noticias\/?p=34067"},"modified":"2022-03-17T23:36:22","modified_gmt":"2022-03-17T23:36:22","slug":"modelo-veracruzana-miriam-carballo-ya-es-candidata-a-reina-del-carnaval-2022","status":"publish","type":"post","link":"http:\/\/vocesver.com\/noticias\/modelo-veracruzana-miriam-carballo-ya-es-candidata-a-reina-del-carnaval-2022\/","title":{"rendered":"*Modelo veracruzana Miriam Carballo ya es candidata a Reina del Carnaval 2022*"},"content":{"rendered":"\n<p><br><br>_-Portar\u00e1 el distintivo dorado_ <br><br>_-Asegura que har\u00e1 una campa\u00f1a de respeto, compromiso y promoci\u00f3n hacia Veracruz_ <br><br><br>AUSENCIO RIVERA\/VOCESVER.COM7NOTICIAS<br><br>*Veracruz, Ver., 17 de marzo de 2022.-* Este jueves, la modelo veracruzana Miriam Alejandra Carballo Gallardo se convirti\u00f3 en la cuarta candidata a Reina del Carnaval de Veracruz 2022, al realizar su registro oficial ante el Comit\u00e9 Organizador. <br><br>La se\u00f1orita Mexicana Universal 2018 cuenta con 27 a\u00f1os, es Ingeniera Civil y se identificar\u00e1 con el distintivo dorado. <br><br>La candidata asegur\u00f3 que tendr\u00e1 una campa\u00f1a de respeto, compromiso y de promoci\u00f3n hacia Veracruz. <br><br>Acompa\u00f1ada por agrupaciones de comparsas, batucadas, bastoneras y misses, realiz\u00f3 un colorido y entusiasta papaqui, el cual inici\u00f3 en el Z\u00f3calo de la ciudad y termin\u00f3 en las oficinas del Comit\u00e9 Organizador. <br><br>Al momento se han registrado las j\u00f3venes Hannia Tuncheu con el distintivo rojo; Yeri Mua con el azul y Vale Queen con el color amarillo.<br><br><br>&#8212;&#8212;&#8212;&#8212;&#8212;&#8212;&#8212;&#8212;&#8212;&#8212;&#8212;&#8212;&#8212;&#8212;&#8212;&#8212;<br><br>Te invitamos a visitar nuestras redes oficiales:<br><br>Web &#8211; http:\/\/carnavaldeveracruz.com.mx\/ <br><br>Facebook &#8211; https:\/\/www.facebook.com\/carnavaldeveracruz2022\/<br><br>Twitter &#8211; http:\/\/www.twitter.com\/carnaval_ver<br><br>Instagram &#8211; https:\/\/www.instagram.com\/carnavalveracruz\/ <br><br><br><br><br><br><br><br><br><br><br><br><br><br><br><br><br><br><br><br><br><br><br><br><br><br><br><br><br><br><br><br><br><br><br><br><\/p>\n","protected":false},"excerpt":{"rendered":"<p>_-Portar\u00e1 el distintivo dorado_ _-Asegura que har\u00e1 una campa\u00f1a de respeto, compromiso y promoci\u00f3n hacia Veracruz_ AUSENCIO RIVERA\/VOCESVER.COM7NOTICIAS *Veracruz, Ver.,<\/p>\n","protected":false},"author":2,"featured_media":34075,"comment_status":"open","ping_status":"open","sticky":false,"template":"","format":"standard","meta":{"colormag_page_container_layout":"default_layout","colormag_page_sidebar_layout":"default_layout","footnotes":""},"categories":[2],"tags":[],"class_list":["post-34067","post","type-post","status-publish","format-standard","has-post-thumbnail","hentry","category-infogral"],"_links":{"self":[{"href":"http:\/\/vocesver.com\/noticias\/wp-json\/wp\/v2\/posts\/34067","targetHints":{"allow":["GET"]}}],"collection":[{"href":"http:\/\/vocesver.com\/noticias\/wp-json\/wp\/v2\/posts"}],"about":[{"href":"http:\/\/vocesver.com\/noticias\/wp-json\/wp\/v2\/types\/post"}],"author":[{"embeddable":true,"href":"http:\/\/vocesver.com\/noticias\/wp-json\/wp\/v2\/users\/2"}],"replies":[{"embeddable":true,"href":"http:\/\/vocesver.com\/noticias\/wp-json\/wp\/v2\/comments?post=34067"}],"version-history":[{"count":2,"href":"http:\/\/vocesver.com\/noticias\/wp-json\/wp\/v2\/posts\/34067\/revisions"}],"predecessor-version":[{"id":34074,"href":"http:\/\/vocesver.com\/noticias\/wp-json\/wp\/v2\/posts\/34067\/revisions\/34074"}],"wp:featuredmedia":[{"embeddable":true,"href":"http:\/\/vocesver.com\/noticias\/wp-json\/wp\/v2\/media\/34075"}],"wp:attachment":[{"href":"http:\/\/vocesver.com\/noticias\/wp-json\/wp\/v2\/media?parent=34067"}],"wp:term":[{"taxonomy":"category","embeddable":true,"href":"http:\/\/vocesver.com\/noticias\/wp-json\/wp\/v2\/categories?post=34067"},{"taxonomy":"post_tag","embeddable":true,"href":"http:\/\/vocesver.com\/noticias\/wp-json\/wp\/v2\/tags?post=34067"}],"curies":[{"name":"wp","href":"https:\/\/api.w.org\/{rel}","templated":true}]}}