{"id":34060,"date":"2022-03-17T23:02:19","date_gmt":"2022-03-17T23:02:19","guid":{"rendered":"http:\/\/vocesver.com\/noticias\/?p=34060"},"modified":"2022-03-17T23:12:31","modified_gmt":"2022-03-17T23:12:31","slug":"reciente-norte-explosivo-detono-fallas-electricas-en-por-lo-menos-45-colonias-de-veracruzmrd","status":"publish","type":"post","link":"http:\/\/vocesver.com\/noticias\/reciente-norte-explosivo-detono-fallas-electricas-en-por-lo-menos-45-colonias-de-veracruzmrd\/","title":{"rendered":"RECIENTE NORTE EXPLOSIVO  DETON\u00d3 FALLAS EL\u00c9CTRICAS  EN POR LO MENOS 45 COLONIAS DE VERACRUZ:MRD"},"content":{"rendered":"\n<p>\u00b0El cambio de cable de aluminio en lugar de cobre la causa.<br>\u00b0El problema se va a multiplicar, si CFE no mejora las instalaciones.<br>\u00b0Cientos de casas y comercios resultar\u00f3n afectados por esas deficiencias.<br>\u00b0MRD y Asociaciones civiles amenazan con manifestaciones de protesta si CFE no corrige dicha fallas.<br>REDACCI\u00d3N\/VOCESVER.COM\/NOTICIAS<br>Veracruz,Ver.- a 17 de Marzo 2022.- Con el paso del reciente norte violento que se present\u00f3 en la zona conurbada Veracruz-Boca del Rio se puso de manifiesto el mal estado de las instalaciones el\u00e9ctricas de cable de aluminio que la CFE sustituy\u00f3 por los de cobre.<br>Lo anterior lo se\u00f1al\u00f3 Marco Antonio Mocayo  Parra presidente del Movimiento Renovador Democr\u00e1tico(MRD) quien record\u00f3 que esto lo advirti\u00f3 el MRD hace cinco a\u00f1os cuando declar\u00f3 que ese cambio de cable de aluminio por el de cobre no era conveniente.<br>Cosa que a trav\u00e9s de los a\u00f1os ya viene a surgir el problema y que se va a multiplicar cada vez m\u00e1s mientras la CFE no mejore las instalaciones el\u00e9ctricas.<br>Explic\u00f3 que con este norte resultar\u00f3n afectadas por lo menos 45 colonias durante tres d\u00edas que demor\u00f3 el mal tiempo. <br>Con ello se presentar\u00f3n miles de fallas en las instalaciones el\u00e9ctrica de casas y comercios provocando  con ello cuantiosas p\u00e9rdidas econ\u00f3micas.<br>De acuerdo con un  estudio que fue realizado por ingenieros y gente especialista en la materia el uso de cable de aluminio no es el id\u00f3neo para estos cambios para haberlos sustituirlos por los cable de cobre.<br>Se presentan fallas en el empate de la mufa  con el cable de aluminio ya que este ocasiona un falso contacto porque no agarra bien y eso provoc\u00f3 que varias casas y comercio con el reciente norte se quedar\u00e1n sin luz.<br>Moncayo Parra advirti\u00f3 que debido a que son muchos los usuarios que se ven afectados por estas deficiencias el MRD no descarta con realizar manifestaciones protesta frente a  la CFE de D\u00edaz Mir\u00f3n para exigir que se corrijan esos cables y se pongan los correctos.<br><br><br><br><br><br><br><br><br><br><br><br><br><br><br><br><br><br><br><br><br><br><br><br><br><br><br><br><br><br><br><br><br><br><br><br><br><br><br><\/p>\n","protected":false},"excerpt":{"rendered":"<p>\u00b0El cambio de cable de aluminio en lugar de cobre la causa.\u00b0El problema se va a multiplicar, si CFE no<\/p>\n","protected":false},"author":2,"featured_media":34069,"comment_status":"open","ping_status":"open","sticky":false,"template":"","format":"standard","meta":{"colormag_page_container_layout":"default_layout","colormag_page_sidebar_layout":"default_layout","footnotes":""},"categories":[2],"tags":[],"class_list":["post-34060","post","type-post","status-publish","format-standard","has-post-thumbnail","hentry","category-infogral"],"_links":{"self":[{"href":"http:\/\/vocesver.com\/noticias\/wp-json\/wp\/v2\/posts\/34060","targetHints":{"allow":["GET"]}}],"collection":[{"href":"http:\/\/vocesver.com\/noticias\/wp-json\/wp\/v2\/posts"}],"about":[{"href":"http:\/\/vocesver.com\/noticias\/wp-json\/wp\/v2\/types\/post"}],"author":[{"embeddable":true,"href":"http:\/\/vocesver.com\/noticias\/wp-json\/wp\/v2\/users\/2"}],"replies":[{"embeddable":true,"href":"http:\/\/vocesver.com\/noticias\/wp-json\/wp\/v2\/comments?post=34060"}],"version-history":[{"count":3,"href":"http:\/\/vocesver.com\/noticias\/wp-json\/wp\/v2\/posts\/34060\/revisions"}],"predecessor-version":[{"id":34071,"href":"http:\/\/vocesver.com\/noticias\/wp-json\/wp\/v2\/posts\/34060\/revisions\/34071"}],"wp:featuredmedia":[{"embeddable":true,"href":"http:\/\/vocesver.com\/noticias\/wp-json\/wp\/v2\/media\/34069"}],"wp:attachment":[{"href":"http:\/\/vocesver.com\/noticias\/wp-json\/wp\/v2\/media?parent=34060"}],"wp:term":[{"taxonomy":"category","embeddable":true,"href":"http:\/\/vocesver.com\/noticias\/wp-json\/wp\/v2\/categories?post=34060"},{"taxonomy":"post_tag","embeddable":true,"href":"http:\/\/vocesver.com\/noticias\/wp-json\/wp\/v2\/tags?post=34060"}],"curies":[{"name":"wp","href":"https:\/\/api.w.org\/{rel}","templated":true}]}}