{"id":34052,"date":"2022-03-17T21:53:27","date_gmt":"2022-03-17T21:53:27","guid":{"rendered":"http:\/\/vocesver.com\/noticias\/?p=34052"},"modified":"2022-03-17T21:53:29","modified_gmt":"2022-03-17T21:53:29","slug":"vale-queen-tercera-candidata-registrada-para-reina-del-carnaval-de-veracruz-2022","status":"publish","type":"post","link":"http:\/\/vocesver.com\/noticias\/vale-queen-tercera-candidata-registrada-para-reina-del-carnaval-de-veracruz-2022\/","title":{"rendered":"Vale Queen, tercera candidata registrada para Reina del Carnaval de Veracruz 2022"},"content":{"rendered":"\n<p><br><br><br><br><br><br><br>-Llevar\u00e1 el distintivo amarillo<br><br>-Recorri\u00f3 las calles de Puerto con un alegre papaqui<br><br><br>REDACCI\u00d3N\/VOCESVER.COM<br><br>Veracruz, Ver., 17 de marzo de 2022.- Este mi\u00e9rcoles, despu\u00e9s de recorrer las calles porte\u00f1as con su alegre papaqui, la influencer Valeria Rangel se registr\u00f3 oficialmente como candidata a Reina del Carnaval de Veracruz 2022.<br><br>En el Z\u00f3calo de la ciudad se sinti\u00f3 un gran ambiente generado por un convoy, integrado por comparsa, batucada, familiares y amistades que apoyan a la mejor conocida como \u201cVale Queen\u201d, quien utilizar\u00e1 el distintivo amarillo.<br><br>La joven, que por a\u00f1os ha so\u00f1ado con ser la soberana de esta magna festividad, cuenta con 30 a\u00f1os de edad, es originaria del Puerto de Veracruz y anteriormente particip\u00f3 en un exitoso programa de citas transmitido por televisi\u00f3n.  <br><br>Vale Queen es la tercera candidata registrada ante el Comit\u00e9 Organizador para competir por la corona de los pr\u00f3ximos festejos del Rey Momo, los cuales se realizar\u00e1n del 1 al 5 de julio de este a\u00f1o.<br><br>Cabe recordar que la primera en realizar su registro fue Hannia Tuncheu Mu\u00f1oz, con el distintivo rojo; seguida de Yeri Cruz Varela, mejor conocida como Yeri Mua, con el color azul.<br><br><br><br>&#8212;&#8212;&#8212;&#8212;&#8212;&#8212;&#8212;&#8212;&#8212;&#8212;&#8212;&#8212;&#8212;&#8212;&#8212;&#8212;<br><br>Te invitamos a visitar nuestras redes oficiales:<br><br>Web &#8211; http:\/\/carnavaldeveracruz.com.mx\/ <br><br>Facebook &#8211; https:\/\/www.facebook.com\/carnavaldeveracruz2022<br><br>Twitter &#8211; http:\/\/www.twitter.com\/carnaval_ver<br><br>Instagram &#8211; https:\/\/www.instagram.com\/carnavalveracruz\/ <br><br><br><br><br><br><br><br><br><br><br><br><br><br><br><br><br><br><br><br><br><br><br><br><br><br><br><br><br><br><br><br><br><br><br><\/p>\n","protected":false},"excerpt":{"rendered":"<p>-Llevar\u00e1 el distintivo amarillo -Recorri\u00f3 las calles de Puerto con un alegre papaqui REDACCI\u00d3N\/VOCESVER.COM Veracruz, Ver., 17 de marzo de<\/p>\n","protected":false},"author":2,"featured_media":34057,"comment_status":"open","ping_status":"open","sticky":false,"template":"","format":"standard","meta":{"colormag_page_container_layout":"default_layout","colormag_page_sidebar_layout":"default_layout","footnotes":""},"categories":[2],"tags":[],"class_list":["post-34052","post","type-post","status-publish","format-standard","has-post-thumbnail","hentry","category-infogral"],"_links":{"self":[{"href":"http:\/\/vocesver.com\/noticias\/wp-json\/wp\/v2\/posts\/34052","targetHints":{"allow":["GET"]}}],"collection":[{"href":"http:\/\/vocesver.com\/noticias\/wp-json\/wp\/v2\/posts"}],"about":[{"href":"http:\/\/vocesver.com\/noticias\/wp-json\/wp\/v2\/types\/post"}],"author":[{"embeddable":true,"href":"http:\/\/vocesver.com\/noticias\/wp-json\/wp\/v2\/users\/2"}],"replies":[{"embeddable":true,"href":"http:\/\/vocesver.com\/noticias\/wp-json\/wp\/v2\/comments?post=34052"}],"version-history":[{"count":2,"href":"http:\/\/vocesver.com\/noticias\/wp-json\/wp\/v2\/posts\/34052\/revisions"}],"predecessor-version":[{"id":34058,"href":"http:\/\/vocesver.com\/noticias\/wp-json\/wp\/v2\/posts\/34052\/revisions\/34058"}],"wp:featuredmedia":[{"embeddable":true,"href":"http:\/\/vocesver.com\/noticias\/wp-json\/wp\/v2\/media\/34057"}],"wp:attachment":[{"href":"http:\/\/vocesver.com\/noticias\/wp-json\/wp\/v2\/media?parent=34052"}],"wp:term":[{"taxonomy":"category","embeddable":true,"href":"http:\/\/vocesver.com\/noticias\/wp-json\/wp\/v2\/categories?post=34052"},{"taxonomy":"post_tag","embeddable":true,"href":"http:\/\/vocesver.com\/noticias\/wp-json\/wp\/v2\/tags?post=34052"}],"curies":[{"name":"wp","href":"https:\/\/api.w.org\/{rel}","templated":true}]}}