{"id":34047,"date":"2022-03-16T21:44:17","date_gmt":"2022-03-16T21:44:17","guid":{"rendered":"http:\/\/vocesver.com\/noticias\/?p=34047"},"modified":"2022-03-16T21:44:19","modified_gmt":"2022-03-16T21:44:19","slug":"ante-baja-de-contagios-en-mexico-ops-pide-no-relajar-medidas-sanitarias-como-uso-de-cubrebocas","status":"publish","type":"post","link":"http:\/\/vocesver.com\/noticias\/ante-baja-de-contagios-en-mexico-ops-pide-no-relajar-medidas-sanitarias-como-uso-de-cubrebocas\/","title":{"rendered":"Ante baja de contagios en M\u00e9xico, OPS pide no relajar medidas sanitarias como uso de cubrebocas"},"content":{"rendered":"\n<p>COVID en M\u00e9xico: OPS pide no relajar medidas sanitarias ante baja de contagios. Foto: Cuartoscuro<br><br>REDACCI\u00d3N\/VOCESVER.COM\/NOTICIAS<br><br>NACIONAL.- A  16 DE MARZO  2022.-DE ACUERDO CON VIANEY PICHARDO\/UNOTV&#8230;. Ante la baja de contagios de COVID-19 en M\u00e9xico y la decisi\u00f3n de Nuevo Le\u00f3n y Coahuila de eliminar el cubrebocas obligatorio en espacios abiertos, la Organizaci\u00f3n Panamericana de la Salud (OPS) recomend\u00f3 no relajar las medidas sanitarias, ya que el riesgo de aparici\u00f3n de nuevas variantes sigue presente.<br><br><br>\u201cSi bien en M\u00e9xico se sigue observando estas \u00faltimas 7 semanas una reducci\u00f3n continua de los casos de Covid-19. Ante la inestabilidad de la situaci\u00f3n internacional y el repunte de casos observado en la regi\u00f3n del Pac\u00edfico Occidental (China), y otros pa\u00edses de Ocean\u00eda, y la siempre posibilidad del surgimiento de nuevas variantes del virus SARS-COV-2, se recomienda no relajar las medidas preventivas no farmacol\u00f3gicas en el pa\u00eds\u201d,<br><br>Sylvain Alighieri, Gerente de Incidente para COVID-19 de la OPS<br>De acuerdo con el organismo internacional, en M\u00e9xico, en la \u00faltima semana, los contagios del virus disminuyeron 30% y las muertes 32%.<br><br><br>En su informe semanal, la OPS destac\u00f3 que la nueva ola de contagios que protagoniza China debe considerarse como \u201cuna advertencia\u201d para el continente americano, agreg\u00f3 que mientras la propagaci\u00f3n del virus no est\u00e9 totalmente controlada, el recrudecimiento de la pandemia ser\u00e1 una constante.<br><br>\u201cLos casos est\u00e1n aumentando en otras partes del mundo, lo que sirve como una advertencia aleccionadora para nuestra regi\u00f3n\u201d,<br><br>Jarbas Barbosa, subdirector de la OPS<br>Alighieri enfatiz\u00f3 que un \u201caumento de la circulaci\u00f3n viral\u201d puede ser debido a las variantes ya conocidas de COVID-19.<br><br>\u201cUn escenario de recrudecimiento de la circulaci\u00f3n viral, a nivel subnacional, a nivel nacional, o a nivel de una regi\u00f3n o subregi\u00f3n, es un escenario que tiene siempre que estar en nuestro radar epidemiol\u00f3gico. Un aumento de la circulaci\u00f3n viral puede estar relacionado a variantes conocidas del virus SARS-COV-2, como \u00d3micron, o podr\u00edan relacionarse al surgimiento de una nueva variante de preocupaci\u00f3n\u201d,<br><br>Sylvain Alighieri, Gerente de Incidente para COVID-19 de la OPS<br>Ante un posible aumento de casos de COVID-19 en M\u00e9xico, y en otras partes del mundo, puntualiz\u00f3 que la mejor manera de reaccionar es promover la vacunaci\u00f3n.<br><br><br>\u201cAsegurar coberturas de vacunaci\u00f3n altas y homog\u00e9neas con esquemas completos, inclusive con la dosis de refuerzo, siguiendo normas internacionales en los grupos prioritarios, sigue siendo la medida m\u00e1s importante para evitar la gravedad que un aumento de casos puede conllevar\u201d,<br><br>Sylvain Alighieri, Gerente de Incidente para COVID-19 de la OPS<br><br><br><br><br>INF. DE VIANEY PICHARDO\/UNOTV..<br><br><br><br><br><br><br><br><br><br><br><br><br><br><br><br><br><br><br><br><br><br><br><br><br><br><br><br><br><\/p>\n","protected":false},"excerpt":{"rendered":"<p>COVID en M\u00e9xico: OPS pide no relajar medidas sanitarias ante baja de contagios. Foto: Cuartoscuro REDACCI\u00d3N\/VOCESVER.COM\/NOTICIAS NACIONAL.- A 16 DE<\/p>\n","protected":false},"author":2,"featured_media":34053,"comment_status":"open","ping_status":"open","sticky":false,"template":"","format":"standard","meta":{"colormag_page_container_layout":"default_layout","colormag_page_sidebar_layout":"default_layout","footnotes":""},"categories":[5],"tags":[],"class_list":["post-34047","post","type-post","status-publish","format-standard","has-post-thumbnail","hentry","category-nacional"],"_links":{"self":[{"href":"http:\/\/vocesver.com\/noticias\/wp-json\/wp\/v2\/posts\/34047","targetHints":{"allow":["GET"]}}],"collection":[{"href":"http:\/\/vocesver.com\/noticias\/wp-json\/wp\/v2\/posts"}],"about":[{"href":"http:\/\/vocesver.com\/noticias\/wp-json\/wp\/v2\/types\/post"}],"author":[{"embeddable":true,"href":"http:\/\/vocesver.com\/noticias\/wp-json\/wp\/v2\/users\/2"}],"replies":[{"embeddable":true,"href":"http:\/\/vocesver.com\/noticias\/wp-json\/wp\/v2\/comments?post=34047"}],"version-history":[{"count":2,"href":"http:\/\/vocesver.com\/noticias\/wp-json\/wp\/v2\/posts\/34047\/revisions"}],"predecessor-version":[{"id":34054,"href":"http:\/\/vocesver.com\/noticias\/wp-json\/wp\/v2\/posts\/34047\/revisions\/34054"}],"wp:featuredmedia":[{"embeddable":true,"href":"http:\/\/vocesver.com\/noticias\/wp-json\/wp\/v2\/media\/34053"}],"wp:attachment":[{"href":"http:\/\/vocesver.com\/noticias\/wp-json\/wp\/v2\/media?parent=34047"}],"wp:term":[{"taxonomy":"category","embeddable":true,"href":"http:\/\/vocesver.com\/noticias\/wp-json\/wp\/v2\/categories?post=34047"},{"taxonomy":"post_tag","embeddable":true,"href":"http:\/\/vocesver.com\/noticias\/wp-json\/wp\/v2\/tags?post=34047"}],"curies":[{"name":"wp","href":"https:\/\/api.w.org\/{rel}","templated":true}]}}