{"id":34039,"date":"2022-03-16T21:08:26","date_gmt":"2022-03-16T21:08:26","guid":{"rendered":"http:\/\/vocesver.com\/noticias\/?p=34039"},"modified":"2022-03-16T21:10:41","modified_gmt":"2022-03-16T21:10:41","slug":"prd-veracruz-reitera-la-invitacion-al-curso-gratuito-de-preparacion-para-ingresar-a-la-uv","status":"publish","type":"post","link":"http:\/\/vocesver.com\/noticias\/prd-veracruz-reitera-la-invitacion-al-curso-gratuito-de-preparacion-para-ingresar-a-la-uv\/","title":{"rendered":"PRD Veracruz reitera la invitaci\u00f3n al curso gratuito de preparaci\u00f3n para ingresar a la UV"},"content":{"rendered":"\n<p><br><br><br>REDACCI\u00d3N\/VOCESVER.COM\/NOTICIAS<br><br>Xalapa Ver., 16 de marzo de 2022. La Direcci\u00f3n Estatal Ejecutiva del Partido de la Revoluci\u00f3n Democr\u00e1tica (PRD) en Veracruz, reitera la invitaci\u00f3n a mujeres y hombres de cualquier edad que aspiran a ingresar a la Universidad Veracruzana v\u00eda el examen de ingreso, para atender el curso gratuito que ofrece en modalidad a distancia, a fin de que todos los interesados lo puedan tomar.<br><br>En representaci\u00f3n del presidente estatal en Veracruz, Sergio Cadena Mart\u00ednez, la Secretaria de Igualdad de G\u00e9neros, Derechos Humanos, De las Juventudes y Educaci\u00f3n, Ciencia y Tecnolog\u00eda del PRD, Myriam Lagunes Mar\u00edn, destac\u00f3 que el curso de preparaci\u00f3n es virtual, por lo que cualquier persona o j\u00f3venes interesados que cuenten con un equipo celular o de c\u00f3mputo e internet se puede conectar.<br><br>Lagunes Mar\u00edn detall\u00f3 que con la finalidad de atender la inquietud de hombres y mujeres que no cuentan con el recurso suficiente para pagar un curso de preparaci\u00f3n, se convoc\u00f3 a personal docente, capacitado y probado que cuenta con amplia experiencia para apoyar a quienes as\u00ed lo requieren.<br><br>Se trata de docentes que cuentan con maestr\u00edas y doctorados, como es el caso del doctor en an\u00e1lisis econ\u00f3mico e investigador en proyectos de la uni\u00f3n Europea, H\u00e9ctor J. Lagunes Mar\u00edn, quien atendiendo al llamado del partido imparte y comparte sus conocimientos con los poco m\u00e1s de cien j\u00f3venes de todas las diferentes regiones de la entidad que ya participan en el mismo.<br><br>Agreg\u00f3 que junto al doctor Lagunes, otros simpatizantes y militantes con niveles de maestr\u00eda y doctorado, pero, adem\u00e1s, experiencia en la impartici\u00f3n de conocimiento se han sumado para aportar a la formaci\u00f3n de quienes aspiran a obtener un mejor nivel de vida a trav\u00e9s del conocimiento, de manera totalmente gratuita.<br><br>Para mayores informes las personas interesadas se pueden comunicar o enviar un mensaje al tel\u00e9fono celular 2281563442, reiterando que el curso es gratuito y se imparte a trav\u00e9s de la plataforma zoom.<br><br><br><br><br><br><br><br><br><br><br><br><br><br><br><br><br><br><br><br><br><br><br><br><br><br><br><br><br><br><br><br><br><\/p>\n","protected":false},"excerpt":{"rendered":"<p>REDACCI\u00d3N\/VOCESVER.COM\/NOTICIAS Xalapa Ver., 16 de marzo de 2022. La Direcci\u00f3n Estatal Ejecutiva del Partido de la Revoluci\u00f3n Democr\u00e1tica (PRD) en<\/p>\n","protected":false},"author":2,"featured_media":34045,"comment_status":"open","ping_status":"open","sticky":false,"template":"","format":"standard","meta":{"colormag_page_container_layout":"default_layout","colormag_page_sidebar_layout":"default_layout","footnotes":""},"categories":[2],"tags":[],"class_list":["post-34039","post","type-post","status-publish","format-standard","has-post-thumbnail","hentry","category-infogral"],"_links":{"self":[{"href":"http:\/\/vocesver.com\/noticias\/wp-json\/wp\/v2\/posts\/34039","targetHints":{"allow":["GET"]}}],"collection":[{"href":"http:\/\/vocesver.com\/noticias\/wp-json\/wp\/v2\/posts"}],"about":[{"href":"http:\/\/vocesver.com\/noticias\/wp-json\/wp\/v2\/types\/post"}],"author":[{"embeddable":true,"href":"http:\/\/vocesver.com\/noticias\/wp-json\/wp\/v2\/users\/2"}],"replies":[{"embeddable":true,"href":"http:\/\/vocesver.com\/noticias\/wp-json\/wp\/v2\/comments?post=34039"}],"version-history":[{"count":2,"href":"http:\/\/vocesver.com\/noticias\/wp-json\/wp\/v2\/posts\/34039\/revisions"}],"predecessor-version":[{"id":34044,"href":"http:\/\/vocesver.com\/noticias\/wp-json\/wp\/v2\/posts\/34039\/revisions\/34044"}],"wp:featuredmedia":[{"embeddable":true,"href":"http:\/\/vocesver.com\/noticias\/wp-json\/wp\/v2\/media\/34045"}],"wp:attachment":[{"href":"http:\/\/vocesver.com\/noticias\/wp-json\/wp\/v2\/media?parent=34039"}],"wp:term":[{"taxonomy":"category","embeddable":true,"href":"http:\/\/vocesver.com\/noticias\/wp-json\/wp\/v2\/categories?post=34039"},{"taxonomy":"post_tag","embeddable":true,"href":"http:\/\/vocesver.com\/noticias\/wp-json\/wp\/v2\/tags?post=34039"}],"curies":[{"name":"wp","href":"https:\/\/api.w.org\/{rel}","templated":true}]}}