{"id":33725,"date":"2022-02-27T20:31:50","date_gmt":"2022-02-27T20:31:50","guid":{"rendered":"http:\/\/vocesver.com\/noticias\/?p=33725"},"modified":"2022-02-27T20:36:05","modified_gmt":"2022-02-27T20:36:05","slug":"dia-dos-de-alerta-a-la-poblacion-civil-de-veracruz","status":"publish","type":"post","link":"http:\/\/vocesver.com\/noticias\/dia-dos-de-alerta-a-la-poblacion-civil-de-veracruz\/","title":{"rendered":"D\u00cdA DOS DE ALERTA A LA POBLACI\u00d3N CIVIL DE VERACRUZ"},"content":{"rendered":"\n<p><br>REDACCI\u00d3N\/VOCESVER.COM\/NOTICIAS<br><br><br>Veracruz,Ver- a  27 de Febrero 2022.&#8211;Tras el asalto del que fue v\u00edctima el Doctor Aturo Matiello Canales comenz\u00f3 una campa\u00f1a de alerta a la poblaci\u00f3n veracruzana.<br>En el segundo d\u00eda estos es lo que  expresa:<br><br>Descubro con sorpresa que los habitantes estamos literalmente en manos de la delincuencia.<br><br>NO HAY OPERACI\u00d3N POLICIACA.<br>NO EXISTE LA PREVENCI\u00d3N DEL DELITO.<br>NO SE INVESTIGAN LOS DELITOS CONTRA LOS CIUDADANOS.<br>NO SE LE INFORMA A LA VICTIMA DE UN DELITO ABSOLUTAMENTE NADA.<br>NO HAY ESTRATEGIA.<br>ESTAMOS VIVIENDO SIN LEY NI ORDEN.<br><br>Es como estar sumergido en el Viejo Oeste\u2026 Donde cada quien se rasca como puede sin ning\u00fan apoyo gubernamental.<br><br>Agradecemos las muestras de aprecio de la sociedad civil y medios de comunicaci\u00f3n, pero debemos HACER ALGO YA O PAGAREMOS MUY GRAVES CONSECUENCIAS COMO SOCIEDAD.<br><br>Debemos trabajar en varias vertientes:<br><br>Primero .- Debemos ARMARNOS URGENTEMENTE los ciudadanos de bien que deseen proteger sus vidas y las de sus familias.<br><br>Segundo.- Dado que la Constituci\u00f3n General de la Republica preve en su art\u00edculo 10, el derecho a poseer armas para leg\u00edtima defensa en nuestra casa, habr\u00eda que elaborar una iniciativa de ley para que nuestros veh\u00edculos y empresas sean consideradas como extensiones de los hogares.<br><br>Tercero.- Solicitarle a nuestros diputados ( Diputar significa representar) presentar la iniciativa al pleno del congreso para su votaci\u00f3n y aprobaci\u00f3n. Si no lo hacen hay que sacarlos. Puede ser cuesti\u00f3n de vida o muerte.<br><br>Les dejo aqu\u00ed el link de la Ley Federal de Armas de Fuego y Explosivos \u2026<br><br>https:\/\/www.diputados.gob.mx\/LeyesBiblio\/pdf\/102_190221.pdf<br><br>Y el de la p\u00e1gina web de Mexico Armado para que se informen:<br><br>https:\/\/www.mexicoarmado.com\/index.php<br><br>Debemos recordar la frase atribuida a Edmund Burke \u201c Lo \u00fanico que se necesita para que el mal triunfe es que los hombres buenos no hagan nada \u201c.<br><br>Saludos a todos y gracias nuevamente.<br><br>ATENTAMENTE:<br>DR. ARTURO MATTIELLO CANALES<br>VERACRUZ, VER.<br>27\/02\/22<br><br>Seguiremos ( Ya somos muchos ) trabajando y pendientes..<br><br>Comparte si est\u00e1s de acuerdo &#x261d;&#xfe0f;<br><br>&#8212;<br><br><br><br><br><br><br><br><br><br><br><br><br><br><br><br><br><br><br><br><br><br><br><br><br><br><br><br><br><br><br><br><br><br><br><br><br><br><br><br><br><br><br><br><\/p>\n","protected":false},"excerpt":{"rendered":"<p>REDACCI\u00d3N\/VOCESVER.COM\/NOTICIAS Veracruz,Ver- a 27 de Febrero 2022.&#8211;Tras el asalto del que fue v\u00edctima el Doctor Aturo Matiello Canales comenz\u00f3 una<\/p>\n","protected":false},"author":2,"featured_media":33731,"comment_status":"open","ping_status":"open","sticky":false,"template":"","format":"standard","meta":{"colormag_page_container_layout":"default_layout","colormag_page_sidebar_layout":"default_layout","footnotes":""},"categories":[2],"tags":[],"class_list":["post-33725","post","type-post","status-publish","format-standard","has-post-thumbnail","hentry","category-infogral"],"_links":{"self":[{"href":"http:\/\/vocesver.com\/noticias\/wp-json\/wp\/v2\/posts\/33725","targetHints":{"allow":["GET"]}}],"collection":[{"href":"http:\/\/vocesver.com\/noticias\/wp-json\/wp\/v2\/posts"}],"about":[{"href":"http:\/\/vocesver.com\/noticias\/wp-json\/wp\/v2\/types\/post"}],"author":[{"embeddable":true,"href":"http:\/\/vocesver.com\/noticias\/wp-json\/wp\/v2\/users\/2"}],"replies":[{"embeddable":true,"href":"http:\/\/vocesver.com\/noticias\/wp-json\/wp\/v2\/comments?post=33725"}],"version-history":[{"count":2,"href":"http:\/\/vocesver.com\/noticias\/wp-json\/wp\/v2\/posts\/33725\/revisions"}],"predecessor-version":[{"id":33730,"href":"http:\/\/vocesver.com\/noticias\/wp-json\/wp\/v2\/posts\/33725\/revisions\/33730"}],"wp:featuredmedia":[{"embeddable":true,"href":"http:\/\/vocesver.com\/noticias\/wp-json\/wp\/v2\/media\/33731"}],"wp:attachment":[{"href":"http:\/\/vocesver.com\/noticias\/wp-json\/wp\/v2\/media?parent=33725"}],"wp:term":[{"taxonomy":"category","embeddable":true,"href":"http:\/\/vocesver.com\/noticias\/wp-json\/wp\/v2\/categories?post=33725"},{"taxonomy":"post_tag","embeddable":true,"href":"http:\/\/vocesver.com\/noticias\/wp-json\/wp\/v2\/tags?post=33725"}],"curies":[{"name":"wp","href":"https:\/\/api.w.org\/{rel}","templated":true}]}}