{"id":33713,"date":"2022-02-26T21:05:29","date_gmt":"2022-02-26T21:05:29","guid":{"rendered":"http:\/\/vocesver.com\/noticias\/?p=33713"},"modified":"2022-02-26T21:07:27","modified_gmt":"2022-02-26T21:07:27","slug":"panpanteco-promueve-sus-tradiciones-en-el-gran-cafe-del-portal-de-vercruz","status":"publish","type":"post","link":"http:\/\/vocesver.com\/noticias\/panpanteco-promueve-sus-tradiciones-en-el-gran-cafe-del-portal-de-vercruz\/","title":{"rendered":"PANPANTECO PROMUEVE SUS TRADICIONES EN EL GRAN CAF\u00c9 DEL PORTAL DE VERCRUZ."},"content":{"rendered":"\n<p>REDACCI\u00d3N\/VOCESVER.COM7NOTICIAS<br><br><br>Veracruz,Ver.- a  26 de Febrero 2022.- Esta persona acompa\u00f1ado de su flauta y su  indumentaria tradicional promueve sus ra\u00edces netamente papantecas en el tradicional Gran Caf\u00e9 del Portal de la Ciudad de Veracruz. Adem\u00e1s de vender la vainilla, baila y toca la flauta alegrando a los turistas que este fin de semana arribaron al puerto jarocho. Foto Ausencio RIVERA.<br><br><br><br><br><br><br><br><br><br><br><br><br><br><br><br><br><br><br><br><br><br><br><br><br><br><br><br><br><br><br><br><br><br><br><\/p>\n","protected":false},"excerpt":{"rendered":"<p>REDACCI\u00d3N\/VOCESVER.COM7NOTICIAS Veracruz,Ver.- a 26 de Febrero 2022.- Esta persona acompa\u00f1ado de su flauta y su indumentaria tradicional promueve sus ra\u00edces<\/p>\n","protected":false},"author":2,"featured_media":33719,"comment_status":"open","ping_status":"open","sticky":false,"template":"","format":"standard","meta":{"colormag_page_container_layout":"default_layout","colormag_page_sidebar_layout":"default_layout","footnotes":""},"categories":[2],"tags":[],"class_list":["post-33713","post","type-post","status-publish","format-standard","has-post-thumbnail","hentry","category-infogral"],"_links":{"self":[{"href":"http:\/\/vocesver.com\/noticias\/wp-json\/wp\/v2\/posts\/33713","targetHints":{"allow":["GET"]}}],"collection":[{"href":"http:\/\/vocesver.com\/noticias\/wp-json\/wp\/v2\/posts"}],"about":[{"href":"http:\/\/vocesver.com\/noticias\/wp-json\/wp\/v2\/types\/post"}],"author":[{"embeddable":true,"href":"http:\/\/vocesver.com\/noticias\/wp-json\/wp\/v2\/users\/2"}],"replies":[{"embeddable":true,"href":"http:\/\/vocesver.com\/noticias\/wp-json\/wp\/v2\/comments?post=33713"}],"version-history":[{"count":2,"href":"http:\/\/vocesver.com\/noticias\/wp-json\/wp\/v2\/posts\/33713\/revisions"}],"predecessor-version":[{"id":33718,"href":"http:\/\/vocesver.com\/noticias\/wp-json\/wp\/v2\/posts\/33713\/revisions\/33718"}],"wp:featuredmedia":[{"embeddable":true,"href":"http:\/\/vocesver.com\/noticias\/wp-json\/wp\/v2\/media\/33719"}],"wp:attachment":[{"href":"http:\/\/vocesver.com\/noticias\/wp-json\/wp\/v2\/media?parent=33713"}],"wp:term":[{"taxonomy":"category","embeddable":true,"href":"http:\/\/vocesver.com\/noticias\/wp-json\/wp\/v2\/categories?post=33713"},{"taxonomy":"post_tag","embeddable":true,"href":"http:\/\/vocesver.com\/noticias\/wp-json\/wp\/v2\/tags?post=33713"}],"curies":[{"name":"wp","href":"https:\/\/api.w.org\/{rel}","templated":true}]}}