{"id":33703,"date":"2022-02-26T15:25:46","date_gmt":"2022-02-26T15:25:46","guid":{"rendered":"http:\/\/vocesver.com\/noticias\/?p=33703"},"modified":"2022-02-26T15:28:14","modified_gmt":"2022-02-26T15:28:14","slug":"dia-uno-de-alerta-a-la-poblacion-civil-de-veracruz","status":"publish","type":"post","link":"http:\/\/vocesver.com\/noticias\/dia-uno-de-alerta-a-la-poblacion-civil-de-veracruz\/","title":{"rendered":"D\u00cdA UNO DE ALERTA A LA POBLACI\u00d3N CIVIL DE VERACRUZ:"},"content":{"rendered":"\n<p><br><br><br><br><br>:REDACCI\u00d3N\/VOCESVER.COM\/NOTICIAS<br><br>Veracruz,Ver.- a 26 de Febrero 2022&#8230;.Luego de asalto de que fue v\u00edctima el Dr. Arturo ,Matiello Canales  hace el siguiente exhorto a la poblaci\u00f3n civil:<br><br>Acaso ya no podemos los mexicanos acudir a nuestros centros de culto, iglesias, escuelas, restaurantes y lugares de reuni\u00f3n familiares sin temor a ser asaltados por delincuentes extranjeros centroamericanos armados ?<br><br>Que hace la polic\u00eda despu\u00e9s de recibir una denuncia de los ciudadanos?  Da por terminado el tr\u00e1mite y se va a otra cosa sin investigar y buscar a los culpables ?<br><br>En manos de quienes estamos en nuestra integridad f\u00edsica y la de nuestras familias ? Debemos no solo armarnos, sino caminar con las armas en la mano y listas para evitar ser victimas de la delincuencia? O acaso formar milicias ciudadanas de vigilancia ?<br><br>Cuantos extranjeros centroamericanos armados viven en nuestras ciudades acech\u00e1ndonos para asaltar, robar, violar, etc. ?<br><br>Que hacen las autoridades de los distintos niveles de gobierno al respecto ?  A quien le informan ? Solo archivan los casos y se olvidan de ellos ?<br><br>Donde quedo la justicia? Donde quedo el orden constitucional? Donde la garant\u00eda de la vida, propiedades, posesiones y derechos ?<br><br>Y nuestros impuestos? De qu\u00e9 sirven ? Para que los pagamos ? A donde se destinan ?<br><br>NECESITAMOS RECUPERAR NUESTRA CAPACIDAD DE INDIGNACI\u00d3N COMO SOCIEDAD CIVIL ANTES DE QUE SEA DEMASIADO TARDE, ANTES DE QUE NO PODAMOS SALIR DE CASA PARA IR A TRABAJAR SIQUIERA \u2026<br><br>ATENTAMENTE:<br>DR. ARTURO MATTIELLO CANALES<br>VERACRUZ, VER.<br>26\/02\/22<br><br>SEGUIR\u00c9 TRABAJANDO Y PENDIENTE \u2026<br><br>Comparte si est\u00e1s de acuerdo &#x261d;&#xfe0f;<br><br><br><br><br><br><br><br><br><br><br><br><br><br><br><br><br><br><br><br><br><br><br><br><br><br><br><br><br><br><br><br><br><br><br><br><br><br><br><br><br><br><br><br><\/p>\n","protected":false},"excerpt":{"rendered":"<p>:REDACCI\u00d3N\/VOCESVER.COM\/NOTICIAS Veracruz,Ver.- a 26 de Febrero 2022&#8230;.Luego de asalto de que fue v\u00edctima el Dr. Arturo ,Matiello Canales hace el<\/p>\n","protected":false},"author":2,"featured_media":33711,"comment_status":"open","ping_status":"open","sticky":false,"template":"","format":"standard","meta":{"colormag_page_container_layout":"default_layout","colormag_page_sidebar_layout":"default_layout","footnotes":""},"categories":[2],"tags":[],"class_list":["post-33703","post","type-post","status-publish","format-standard","has-post-thumbnail","hentry","category-infogral"],"_links":{"self":[{"href":"http:\/\/vocesver.com\/noticias\/wp-json\/wp\/v2\/posts\/33703","targetHints":{"allow":["GET"]}}],"collection":[{"href":"http:\/\/vocesver.com\/noticias\/wp-json\/wp\/v2\/posts"}],"about":[{"href":"http:\/\/vocesver.com\/noticias\/wp-json\/wp\/v2\/types\/post"}],"author":[{"embeddable":true,"href":"http:\/\/vocesver.com\/noticias\/wp-json\/wp\/v2\/users\/2"}],"replies":[{"embeddable":true,"href":"http:\/\/vocesver.com\/noticias\/wp-json\/wp\/v2\/comments?post=33703"}],"version-history":[{"count":2,"href":"http:\/\/vocesver.com\/noticias\/wp-json\/wp\/v2\/posts\/33703\/revisions"}],"predecessor-version":[{"id":33710,"href":"http:\/\/vocesver.com\/noticias\/wp-json\/wp\/v2\/posts\/33703\/revisions\/33710"}],"wp:featuredmedia":[{"embeddable":true,"href":"http:\/\/vocesver.com\/noticias\/wp-json\/wp\/v2\/media\/33711"}],"wp:attachment":[{"href":"http:\/\/vocesver.com\/noticias\/wp-json\/wp\/v2\/media?parent=33703"}],"wp:term":[{"taxonomy":"category","embeddable":true,"href":"http:\/\/vocesver.com\/noticias\/wp-json\/wp\/v2\/categories?post=33703"},{"taxonomy":"post_tag","embeddable":true,"href":"http:\/\/vocesver.com\/noticias\/wp-json\/wp\/v2\/tags?post=33703"}],"curies":[{"name":"wp","href":"https:\/\/api.w.org\/{rel}","templated":true}]}}