{"id":33694,"date":"2022-02-26T02:43:08","date_gmt":"2022-02-26T02:43:08","guid":{"rendered":"http:\/\/vocesver.com\/noticias\/?p=33694"},"modified":"2022-02-26T15:18:13","modified_gmt":"2022-02-26T15:18:13","slug":"asaltan-con-arma-de-fuego-al-dr-arturo-matiello-canales","status":"publish","type":"post","link":"http:\/\/vocesver.com\/noticias\/asaltan-con-arma-de-fuego-al-dr-arturo-matiello-canales\/","title":{"rendered":"ASALTAN CON ARMA DE FUEGO AL DR. ARTURO MATIELLO CANALES"},"content":{"rendered":"\n<p>\u00b0Los hechos ocurrieron ayer por la tarde-noche, en las puertas de la Iglesia Santa Rita de Casia.<br>\u00b0Afortunadamente el agraviado no result\u00f3 herido ,pero es necesario la actuaci\u00f3n inmediata de los cuerpos de seguridad.<br><br>AUSENCIO RIVERA\/VOCESVER.COM\/NOTICIAS<br>Veracruz,Ver.- Alrededor de las 19:30 horas de este viernes, el Dr. Arturo Matiello Canales fue asaltado por una persona de acento centro americano(posiblemente hondure\u00f1o), esto en las puertas de la Iglesia de Santa Rita de Casia en el fraccionamiento Reforma del municipio de Veracruz.<br>De acuerdo con la informaci\u00f3n, el hombre que lo amag\u00f3,portaba una pistola calibre  3.80, vest\u00eda ropa oscura y de acuerdo con el testimonio del empresario veracruzano, el sujeto es de piel morena y mide aproximadamente un metro con 70 cent\u00edmetros.<br>Cabe mencionar que el Doctor Matiello Canales report\u00f3 el asalto,pero desafortunadamente, ning\u00fan elemento policiaco ha llegado a auxiliarlo luego del lamentable hecho, que ocurri\u00f3 esta tarde en esa zona de la Ciudad porte\u00f1a.<br>Afortunadamente el reconocido empresario  veracruzano no result\u00f3 herido  o lastimado por el citado delincuente. <br>Es muy lamentable que en Veracruz estemos a merced del hampa y de personas extranjeras e indocumentadas que transitan libremente por nuestro territorio,<br>El lugar donde ocurri\u00f3 el asalto no hay vigilancia policial, ni luz, por lo que se pide a las autoridades estatales y municipales tomen cartas en el asunto. <br><br><br><br><br><br><br><br><br><br><br><br><br><br><br><br><br><br><br><br><br><br><br><br><br><br><br><br><br><br><br><br><br><br><br><br><br><br><br><\/p>\n","protected":false},"excerpt":{"rendered":"<p>\u00b0Los hechos ocurrieron ayer por la tarde-noche, en las puertas de la Iglesia Santa Rita de Casia.\u00b0Afortunadamente el agraviado no<\/p>\n","protected":false},"author":2,"featured_media":33705,"comment_status":"open","ping_status":"open","sticky":false,"template":"","format":"standard","meta":{"colormag_page_container_layout":"default_layout","colormag_page_sidebar_layout":"default_layout","footnotes":""},"categories":[2],"tags":[],"class_list":["post-33694","post","type-post","status-publish","format-standard","has-post-thumbnail","hentry","category-infogral"],"_links":{"self":[{"href":"http:\/\/vocesver.com\/noticias\/wp-json\/wp\/v2\/posts\/33694","targetHints":{"allow":["GET"]}}],"collection":[{"href":"http:\/\/vocesver.com\/noticias\/wp-json\/wp\/v2\/posts"}],"about":[{"href":"http:\/\/vocesver.com\/noticias\/wp-json\/wp\/v2\/types\/post"}],"author":[{"embeddable":true,"href":"http:\/\/vocesver.com\/noticias\/wp-json\/wp\/v2\/users\/2"}],"replies":[{"embeddable":true,"href":"http:\/\/vocesver.com\/noticias\/wp-json\/wp\/v2\/comments?post=33694"}],"version-history":[{"count":3,"href":"http:\/\/vocesver.com\/noticias\/wp-json\/wp\/v2\/posts\/33694\/revisions"}],"predecessor-version":[{"id":33707,"href":"http:\/\/vocesver.com\/noticias\/wp-json\/wp\/v2\/posts\/33694\/revisions\/33707"}],"wp:featuredmedia":[{"embeddable":true,"href":"http:\/\/vocesver.com\/noticias\/wp-json\/wp\/v2\/media\/33705"}],"wp:attachment":[{"href":"http:\/\/vocesver.com\/noticias\/wp-json\/wp\/v2\/media?parent=33694"}],"wp:term":[{"taxonomy":"category","embeddable":true,"href":"http:\/\/vocesver.com\/noticias\/wp-json\/wp\/v2\/categories?post=33694"},{"taxonomy":"post_tag","embeddable":true,"href":"http:\/\/vocesver.com\/noticias\/wp-json\/wp\/v2\/tags?post=33694"}],"curies":[{"name":"wp","href":"https:\/\/api.w.org\/{rel}","templated":true}]}}