{"id":33690,"date":"2022-02-25T23:22:14","date_gmt":"2022-02-25T23:22:14","guid":{"rendered":"http:\/\/vocesver.com\/noticias\/?p=33690"},"modified":"2022-02-25T23:22:17","modified_gmt":"2022-02-25T23:22:17","slug":"destituyen-a-lopez-betancourt-del-tribunal-universitario-de-la-unam","status":"publish","type":"post","link":"http:\/\/vocesver.com\/noticias\/destituyen-a-lopez-betancourt-del-tribunal-universitario-de-la-unam\/","title":{"rendered":"Destituyen a L\u00f3pez Betancourt del Tribunal Universitario de la UNAM"},"content":{"rendered":"\n<p><br>El profesor lleva un proceso judicial. Foto: Cuartoscuro \/ Archivo<br><br><br>REDACCI\u00d3N\/VOCESVER.COM7NOTICIAS<br><br>NACIONAL.- A 25 DE FEBRERO 2022.- DE ACUERDO CON INFORMACI\u00d3N DE REDACCI\u00d3N\/M\u00c9XICO\/AGENCIAS&#8230;..Ra\u00fal Eduardo L\u00f3pez Betancourt, presidente del Tribunal Universitario de la Universidad Nacional Aut\u00f3noma de M\u00e9xico (UNAM), fue destituido, adem\u00e1s se le suspendi\u00f3 provisionalmente de sus actividades docentes, ya que lleva un proceso en donde se le acusa de hostigamiento sexual agravado.<br><br><br>En un comunicado, la UNAM explic\u00f3 que el Consejo T\u00e9cnico de la Facultad de Derecho acord\u00f3 \u201cdestituir a Ra\u00fal Eduardo L\u00f3pez Betancourt como integrante de ese \u00f3rgano colegiado y en su car\u00e1cter de decano del mismo\u201d.<br><br><br>Durante la sesi\u00f3n del Consejo T\u00e9cnico de la UNAM, L\u00f3pez Betancourt tom\u00f3 la palabra durante una hora, pero se acord\u00f3 por mayor\u00eda destituirlo del Tribunal Universitario por una amplia mayor\u00eda de votos.<br><br> Adem\u00e1s, mientras se lleva el proceso penal contra el docente de la UNAM, se le suspendi\u00f3 provisionalmente de realizar sus actividades como profesor.<br>\u201cComo medida cautelar y sin desconocer el principio de presunci\u00f3n de inocencia de L\u00f3pez Betancourt, as\u00ed como para la salvaguarda de la seguridad f\u00edsica y psicol\u00f3gica de la alumna Lourdes N, el Consejo T\u00e9cnico acord\u00f3 tambi\u00e9n la suspensi\u00f3n provisional de las actividades docentes del profesor\u201d.<br><br>El d\u00eda de ayer, medios de informaci\u00f3n nacional reportaron la vinculaci\u00f3n a proceso de Ra\u00fal Eduardo L\u00f3pez Betancourt por el delito de hostigamiento sexual agravado. El profesor sigue su proceso en libertad.<br><br><br>Ra\u00fal Eduardo L\u00f3pez Betancourt, quien era presidente del Tribunal Universitario, ser\u00e1 sustituido por Everardo Moreno Cruz, que rindi\u00f3 protesta como decano del Consejo T\u00e9cnico de la Facultad de Derecho.<br>\u201cEn la misma sesi\u00f3n, el profesor Everardo Moreno Cruz rindi\u00f3 protesta como decano del Consejo T\u00e9cnico de esa facultad y ser\u00e1, de acuerdo con la legislaci\u00f3n universitaria, quien asuma en fecha pr\u00f3xima la presidencia del Tribunal Universitario\u201d, dijo la UNAM.<br><br><br>El art\u00edculo 99 del Estatuto General de la UNAM se\u00f1ala que la presidencia del Tribunal Universitario es ocupada por el profesor decano del Consejo T\u00e9cnico de la Facultad de Derecho.<br><br><br>INF. DE REDACCI\u00d3N\/M\u00c9XICO\/AGENCIAS<br><br><br><br><br><br><br><br><br><br><br><br><br><br><br><br><br><br><br><br><br><br><br><br><br><br><br><br><br><br><br><br><br><br><br><br><\/p>\n","protected":false},"excerpt":{"rendered":"<p>El profesor lleva un proceso judicial. Foto: Cuartoscuro \/ Archivo REDACCI\u00d3N\/VOCESVER.COM7NOTICIAS NACIONAL.- A 25 DE FEBRERO 2022.- DE ACUERDO CON<\/p>\n","protected":false},"author":2,"featured_media":33695,"comment_status":"open","ping_status":"open","sticky":false,"template":"","format":"standard","meta":{"colormag_page_container_layout":"default_layout","colormag_page_sidebar_layout":"default_layout","footnotes":""},"categories":[5],"tags":[],"class_list":["post-33690","post","type-post","status-publish","format-standard","has-post-thumbnail","hentry","category-nacional"],"_links":{"self":[{"href":"http:\/\/vocesver.com\/noticias\/wp-json\/wp\/v2\/posts\/33690","targetHints":{"allow":["GET"]}}],"collection":[{"href":"http:\/\/vocesver.com\/noticias\/wp-json\/wp\/v2\/posts"}],"about":[{"href":"http:\/\/vocesver.com\/noticias\/wp-json\/wp\/v2\/types\/post"}],"author":[{"embeddable":true,"href":"http:\/\/vocesver.com\/noticias\/wp-json\/wp\/v2\/users\/2"}],"replies":[{"embeddable":true,"href":"http:\/\/vocesver.com\/noticias\/wp-json\/wp\/v2\/comments?post=33690"}],"version-history":[{"count":2,"href":"http:\/\/vocesver.com\/noticias\/wp-json\/wp\/v2\/posts\/33690\/revisions"}],"predecessor-version":[{"id":33696,"href":"http:\/\/vocesver.com\/noticias\/wp-json\/wp\/v2\/posts\/33690\/revisions\/33696"}],"wp:featuredmedia":[{"embeddable":true,"href":"http:\/\/vocesver.com\/noticias\/wp-json\/wp\/v2\/media\/33695"}],"wp:attachment":[{"href":"http:\/\/vocesver.com\/noticias\/wp-json\/wp\/v2\/media?parent=33690"}],"wp:term":[{"taxonomy":"category","embeddable":true,"href":"http:\/\/vocesver.com\/noticias\/wp-json\/wp\/v2\/categories?post=33690"},{"taxonomy":"post_tag","embeddable":true,"href":"http:\/\/vocesver.com\/noticias\/wp-json\/wp\/v2\/tags?post=33690"}],"curies":[{"name":"wp","href":"https:\/\/api.w.org\/{rel}","templated":true}]}}