{"id":33685,"date":"2022-02-25T23:14:41","date_gmt":"2022-02-25T23:14:41","guid":{"rendered":"http:\/\/vocesver.com\/noticias\/?p=33685"},"modified":"2022-02-25T23:14:44","modified_gmt":"2022-02-25T23:14:44","slug":"presidente-de-ucrania-habla-con-biden-agradece-apoyo","status":"publish","type":"post","link":"http:\/\/vocesver.com\/noticias\/presidente-de-ucrania-habla-con-biden-agradece-apoyo\/","title":{"rendered":"Presidente de Ucrania habla con Biden: agradece apoyo"},"content":{"rendered":"\n<p><br><br>Presidente de Ucrania habla con Biden: acuerdan apoyo militar. Foto: AFP<br><br><br><br>REDACCI\u00d3N\/VOCESVER.COM\/NOTICIAS<br><br><br>iINTERNACIONAL.- A 25 DE  FEBRERO 202.- DE ACUERDO CON INFOMACI\u00d3N DE REDACCI\u00d3N\/AFP&#8230;..Joe Biden, presidente de Estados Unidos, y su hom\u00f3logo ucraniano, Volodimir Zelenski, sostuvieron una llamada telef\u00f3nica en la que abordaron el tema de sanciones contra Rusia ante la invasi\u00f3n rusa a Ucrania, que ya cobra varias vidas.<br><br><br>Fue el mandatario ucraniano el que confirm\u00f3 la llamada entre ambos l\u00edderes pol\u00edticos, en la que tambi\u00e9n se habl\u00f3 sobre la ayuda que brindar\u00e1 el gobierno estadounidense a Ucrania, en medio de la crisis que vive el pa\u00eds, que perdi\u00f3 el control de la planta nuclear de Chernobyl.<br><br><br>A trav\u00e9s de su cuenta oficial de Twitter, Volodimir Zelenski explic\u00f3 que, tambi\u00e9n, se habl\u00f3 de \u201cla asistencia de defensa concreta y una coalici\u00f3n contra la guerra\u201d.<br><br>\u041f\u043e\u0441\u0438\u043b\u0435\u043d\u043d\u044f \u0441\u0430\u043d\u043a\u0446\u0456\u0439, \u043a\u043e\u043d\u043a\u0440\u0435\u0442\u043d\u0443 \u043e\u0431\u043e\u0440\u043e\u043d\u043d\u0443 \u0434\u043e\u043f\u043e\u043c\u043e\u0433\u0443 \u0442\u0430 \u0430\u043d\u0442\u0438\u0432\u043e\u0454\u043d\u043d\u0443 \u043a\u043e\u0430\u043b\u0456\u0446\u0456\u044e \u043e\u0431\u0433\u043e\u0432\u043e\u0440\u0438\u0432 \u0449\u043e\u0439\u043d\u043e \u0437 @POTUS. \u0412\u0434\u044f\u0447\u043d\u0438\u0439 <br><br>&#x1f1fa;&#x1f1f8;\u0437\u0430 \u043f\u043e\u0442\u0443\u0436\u043d\u0443 \u043f\u0456\u0434\u0442\u0440\u0438\u043c\u043a\u0443 <br><br>&#x1f1fa;&#x1f1e6;!<br><br>\u2014 \u0412\u043e\u043b\u043e\u0434\u0438\u043c\u0438\u0440 \u0417\u0435\u043b\u0435\u043d\u0441\u044c\u043a\u0438\u0439 (@ZelenskyyUa) February 25, 2022<br>Finalmente, el mandatario ucraniano agradeci\u00f3 a Joe Biden por el \u201cgran apoyo\u201d que Estados Unidos ha brindado a Ucrania, pa\u00eds que anunci\u00f3 la prohibici\u00f3n de salir del territorio y que aplica a hombres de 18 a 60 a\u00f1os de edad.<br><br><br>Rusia contra Ucrania<br>Desde que se registraron los primeros ataques, las tropas rusas ya est\u00e1n alrededor de Kiev, que quiz\u00e1 este d\u00eda sea controlada por los rusos. Por el momento, Rusia ha avanzado en territorio ucraniano a lo largo de tres ejes.<br><br><br>De acuerdo con un alto funcionario del Pent\u00e1gono, tras haber disparado m\u00e1s de 160 misiles contra objetivos militares ucranianos, las fuerzas rusas avanzaron r\u00e1pidamente desde Bielorrusia hacia el sur y \u201cse fueron acercando a Kiev\u201d, a lo largo del d\u00eda.<br><br>Ante la tensi\u00f3n y los llamados por el alto de las agresiones a Ucrania, el presidente ruso, Vladimir Putin, llam\u00f3 el viernes al ej\u00e9rcito ucraniano a \u201ctomar el poder\u201d en Kiev y derrocar al presidente Volodimir Zelenski, y a su entorno, a los que calific\u00f3 de \u201cneonazis y drogadictos\u201d.<br><br>El presidente ruso afirm\u00f3 que no combate a unidades del ej\u00e9rcito sino a formaciones nacionalistas que se comportan \u201ccomo terroristas\u201d, usando a civiles \u201ccomo escudos humanos\u201d, al colocar sus armamentos en zonas civiles.<br><br><br><br>INF. DE REDACCI\u00d3N\/AFP&#8230;&#8230;.<br><br><br><br><br><br><br><br><br><br><br><br><br><br><br><br><br><br><br><br><br><br><br><br><br><br><br><\/p>\n","protected":false},"excerpt":{"rendered":"<p>Presidente de Ucrania habla con Biden: acuerdan apoyo militar. Foto: AFP REDACCI\u00d3N\/VOCESVER.COM\/NOTICIAS iINTERNACIONAL.- A 25 DE FEBRERO 202.- DE ACUERDO<\/p>\n","protected":false},"author":2,"featured_media":33691,"comment_status":"open","ping_status":"open","sticky":false,"template":"","format":"standard","meta":{"colormag_page_container_layout":"default_layout","colormag_page_sidebar_layout":"default_layout","footnotes":""},"categories":[6],"tags":[],"class_list":["post-33685","post","type-post","status-publish","format-standard","has-post-thumbnail","hentry","category-internacional"],"_links":{"self":[{"href":"http:\/\/vocesver.com\/noticias\/wp-json\/wp\/v2\/posts\/33685","targetHints":{"allow":["GET"]}}],"collection":[{"href":"http:\/\/vocesver.com\/noticias\/wp-json\/wp\/v2\/posts"}],"about":[{"href":"http:\/\/vocesver.com\/noticias\/wp-json\/wp\/v2\/types\/post"}],"author":[{"embeddable":true,"href":"http:\/\/vocesver.com\/noticias\/wp-json\/wp\/v2\/users\/2"}],"replies":[{"embeddable":true,"href":"http:\/\/vocesver.com\/noticias\/wp-json\/wp\/v2\/comments?post=33685"}],"version-history":[{"count":2,"href":"http:\/\/vocesver.com\/noticias\/wp-json\/wp\/v2\/posts\/33685\/revisions"}],"predecessor-version":[{"id":33692,"href":"http:\/\/vocesver.com\/noticias\/wp-json\/wp\/v2\/posts\/33685\/revisions\/33692"}],"wp:featuredmedia":[{"embeddable":true,"href":"http:\/\/vocesver.com\/noticias\/wp-json\/wp\/v2\/media\/33691"}],"wp:attachment":[{"href":"http:\/\/vocesver.com\/noticias\/wp-json\/wp\/v2\/media?parent=33685"}],"wp:term":[{"taxonomy":"category","embeddable":true,"href":"http:\/\/vocesver.com\/noticias\/wp-json\/wp\/v2\/categories?post=33685"},{"taxonomy":"post_tag","embeddable":true,"href":"http:\/\/vocesver.com\/noticias\/wp-json\/wp\/v2\/tags?post=33685"}],"curies":[{"name":"wp","href":"https:\/\/api.w.org\/{rel}","templated":true}]}}