{"id":33681,"date":"2022-02-25T23:00:20","date_gmt":"2022-02-25T23:00:20","guid":{"rendered":"http:\/\/vocesver.com\/noticias\/?p=33681"},"modified":"2022-02-25T23:37:21","modified_gmt":"2022-02-25T23:37:21","slug":"hay-avances-en-el-cobro-del-fondo-de-retiro-para-100-extrabajadores-de-tamsabartolo-guevara","status":"publish","type":"post","link":"http:\/\/vocesver.com\/noticias\/hay-avances-en-el-cobro-del-fondo-de-retiro-para-100-extrabajadores-de-tamsabartolo-guevara\/","title":{"rendered":"HAY AVANCES EN EL PAGO DEL FONDO DE RETIRO  PARA 100 EXTRABAJADORES DE TAMSA:BARTOLO GUEVARA."},"content":{"rendered":"\n<p>\u00b0La junta federal 45 estableci\u00f3 audiencia para el pr\u00f3ximo 18 de mayo.<br>\u00b0A esta tendr\u00e1 que acudir C\u00e1ndido Canseco en representaic\u00f3n del SNUP.<br>\u00b0Adem\u00e1s el actual dirigente tambi\u00e9n es uno de los afectados por este presunto fraude.<br>AUSENCIO RIVERA\/VOCESVER.COM\/NOTICIAS<br>Veracruz,Ver,. a 25 de Febrero 2022-Autoridades de la Junta Especial 45 de la Federal de Conciliaci\u00f3n y Arbitraje de la Ciudad de Veracruz autorizan fecha de audiencia a extrabajadores de Tamsa que reclaman el pago del fondo de retiro y que exdirectivos del Sindicato Unidad y Progreso   cobrar\u00f3n en su nombre.<br>Lo anterior lo confirm\u00f3 Bartolo Guevara Malpica representante de estos extrabajadores en el rescate del fondo de retiro ante las autoridades laborales.<br>Entrevistado este viernes al acudir a dicha dependencia manifest\u00f3 sentirse muy contento \u201cporque dicha autoridad nos notific\u00f3 que esta audiencia se llevar\u00e1 a cabo el pr\u00f3ximo 18 de mayo a las 11 horas de este a\u00f1o\u201d.<br>Reconoci\u00f3 que por la cuesti\u00f3n de la pandemia del covid 19 presentamos esta demanda laboral desde el pasado 19 de febrero del 2020,\u201d se nos di\u00f3 audiencia para diciembre del a\u00f1o pasado, pero no se llev\u00f3 a cabo debido a que aumentar\u00f3n los contagios del covid, por lo que fue diferida para el 18 de mayo de este a\u00f1o\u201d:<br> Precisamente este viernes la autoridad laboral nos est\u00e1 notificando a nosotros y a la parte demandada, en este caso tendr\u00e1 que acudir a la Junta Federal el actual secretario general C\u00e1ndido Canseco quien tambi\u00e9n result\u00f3 ser uno de los afectados del cobro de este fondo.<br>El ex dirigente sindical dijo nosotros estamos muy contentos porque la autoridad est\u00e1 haciendo eco a nuestra demanda despu\u00e9s de casi 20 a\u00f1os de lucha que llevamos con los compa\u00f1eros extrabajadores afectados. <br>Esto significa que nosotros tenemos manera de demostrar que el SNUP cobr\u00f3 ante la Aseguradora el dinero del  Fondo de Retiro que nosotros pagamos y dispuso de \u00e9l sin tomarnos en cuenta. <br>Por ello le estamos pidiendo a la Junta Federal que instruya al Sindicato que ese dinero que tom\u00f3 a nombre de nosotros lo entregue a los beneficiarios.<br>Record\u00f3 que ellos iniciaron esta lucha en el 2008, \u00abaunque otros compa\u00f1eros ya hab\u00edan presentado demandas y denuncias, pero no se hab\u00edan podido concretar nada\u00bb.<br>En el caso de nosotros la aseguradora nos demostr\u00f3 que entreg\u00f3 el dinero al Sindicato y nos dio documentaci\u00f3n que demuestra que as\u00ed fue,\u201dpor eso nosotros demandamos al sindicato para que \u00e9ste nos responda y nos pague ese dinero que desde el 2006 debimos haber cobrado.\u201d <br><br><br><br><br><br><br><br><br><br><br><br><br><br><br><br><br><br><br><br><br><br><br><br><br><br><br><br><br><br><br><br><\/p>\n","protected":false},"excerpt":{"rendered":"<p>\u00b0La junta federal 45 estableci\u00f3 audiencia para el pr\u00f3ximo 18 de mayo.\u00b0A esta tendr\u00e1 que acudir C\u00e1ndido Canseco en representaic\u00f3n<\/p>\n","protected":false},"author":2,"featured_media":33687,"comment_status":"open","ping_status":"open","sticky":false,"template":"","format":"standard","meta":{"colormag_page_container_layout":"default_layout","colormag_page_sidebar_layout":"default_layout","footnotes":""},"categories":[2],"tags":[],"class_list":["post-33681","post","type-post","status-publish","format-standard","has-post-thumbnail","hentry","category-infogral"],"_links":{"self":[{"href":"http:\/\/vocesver.com\/noticias\/wp-json\/wp\/v2\/posts\/33681","targetHints":{"allow":["GET"]}}],"collection":[{"href":"http:\/\/vocesver.com\/noticias\/wp-json\/wp\/v2\/posts"}],"about":[{"href":"http:\/\/vocesver.com\/noticias\/wp-json\/wp\/v2\/types\/post"}],"author":[{"embeddable":true,"href":"http:\/\/vocesver.com\/noticias\/wp-json\/wp\/v2\/users\/2"}],"replies":[{"embeddable":true,"href":"http:\/\/vocesver.com\/noticias\/wp-json\/wp\/v2\/comments?post=33681"}],"version-history":[{"count":4,"href":"http:\/\/vocesver.com\/noticias\/wp-json\/wp\/v2\/posts\/33681\/revisions"}],"predecessor-version":[{"id":33699,"href":"http:\/\/vocesver.com\/noticias\/wp-json\/wp\/v2\/posts\/33681\/revisions\/33699"}],"wp:featuredmedia":[{"embeddable":true,"href":"http:\/\/vocesver.com\/noticias\/wp-json\/wp\/v2\/media\/33687"}],"wp:attachment":[{"href":"http:\/\/vocesver.com\/noticias\/wp-json\/wp\/v2\/media?parent=33681"}],"wp:term":[{"taxonomy":"category","embeddable":true,"href":"http:\/\/vocesver.com\/noticias\/wp-json\/wp\/v2\/categories?post=33681"},{"taxonomy":"post_tag","embeddable":true,"href":"http:\/\/vocesver.com\/noticias\/wp-json\/wp\/v2\/tags?post=33681"}],"curies":[{"name":"wp","href":"https:\/\/api.w.org\/{rel}","templated":true}]}}