{"id":33660,"date":"2022-02-24T21:47:44","date_gmt":"2022-02-24T21:47:44","guid":{"rendered":"http:\/\/vocesver.com\/noticias\/?p=33660"},"modified":"2022-02-24T21:50:08","modified_gmt":"2022-02-24T21:50:08","slug":"pandemia-del-covid-19-frena-ataques-de-piratas-en-s-onda-de-campeche-y-sur-de-veracruzitf","status":"publish","type":"post","link":"http:\/\/vocesver.com\/noticias\/pandemia-del-covid-19-frena-ataques-de-piratas-en-s-onda-de-campeche-y-sur-de-veracruzitf\/","title":{"rendered":"PANDEMIA DEL COVID-19 FRENA ATAQUES DE \u201cPIRATAS \u201cEN S ONDA DE CAMPECHE Y SUR DE VERACRUZ:ITF"},"content":{"rendered":"\n<p><br>\u00b0La presencia  de la Marina contribuyeron<br>  tambi\u00e9n para que estos disminuyan.<br>AUSENCIO RIVERA\/VOCESVER.COM\/NOTICIAS<br>Veracruz,Ver.- a 24 de Febrero 2022.-Los ataques de \u201cpiratas modernos\u201d a embarcaciones de Campeche y Sur de Veracruz han disminuido en lo que va de este a\u00f1o inform\u00f3 el Capit\u00e1n Enrique Lozano D\u00edaz inspector de la Federaci\u00f3n Internacional de los Trabajadores del Transporte por sus siglas en ingl\u00e9s(ITF) en el puerto de Veracruz.<br>Entrevistado momentos antes de partir a una reuni\u00f3n de trabajo a Salina Cruz coment\u00f3 que este fen\u00f3meno que se present\u00f3 primero en Africa y despu\u00e9s en el Golfo de M\u00e9xico al parecer la pandemia del Covid-19  lo puso fuera de circulaci\u00f3n.<br>Record\u00f3 que en a\u00f1os pasados estos ataques fueron constantes a barcos de Altura y Plataformas Petroleras en la Sonda de Campeche  y algunas partes del Sur de Veracruz.<br>Por otro lado, el entrevistado reconoci\u00f3 que el gremio de los marinos mercantes se convirtieron en h\u00e9roes an\u00f3nimos durante la pandemia del covid-19, pues muchos se la pasaron laborando a bordo de barcos y plataformas para no afectar la econom\u00eda del pa\u00eds.<br>Explic\u00f3 que actualmente la ITF cuenta con m\u00e1s de 122 inspectores en el mundo, de los cuales M\u00e9xico cuenta con dos de ellos, uno en la zona del Pac\u00edfico, en Manzanillo y  otro en la Zona del Golfo de M\u00e9xico.<br>Destac\u00f3 que esta organizaci\u00f3n internacional se encarga de proteger los derechos laborales de los tripulantes de buques mercantes y barco del Altura.<br>Insisti\u00f3 que en el tema de la\u201d pirater\u00eda\u201d afortunadamente \u00e9ste ha disminu\u00eddo,se han presentado pocos casos si acaso uno cada mes o mes y medio.<br>Afortunadamente esto se ha erradicado notablemente ya que llegamos  a tener de cinco hasta 7 casos de pirater\u00eda al mes.<br>Reconoci\u00f3 asimismo que la presencia de la Armada de M\u00e9xico ha contribu\u00eddo a que los casos disminuyan.<br>Finalmente dijo que durante la pandemia cientos de tripulantes permanecieron varados a bordo de los buques hasta casi un a\u00f1o.Miles m\u00e1s siguieron navegando en la primera l\u00ednea de trabajo lo que contribuy\u00f3 al intercambio de mercanc\u00edas para que el mundo no colapsar\u00e1 ante la falta de suministros.<br><br><br><br><br><br><br><br><br><br><br><br><br><br><br><br><br><br><br><br><br><br><br><br><br><br><br><br><br><br><br><br><br><br><\/p>\n","protected":false},"excerpt":{"rendered":"<p>\u00b0La presencia de la Marina contribuyeron tambi\u00e9n para que estos disminuyan.AUSENCIO RIVERA\/VOCESVER.COM\/NOTICIASVeracruz,Ver.- a 24 de Febrero 2022.-Los ataques de \u201cpiratas<\/p>\n","protected":false},"author":2,"featured_media":33666,"comment_status":"open","ping_status":"open","sticky":false,"template":"","format":"standard","meta":{"colormag_page_container_layout":"default_layout","colormag_page_sidebar_layout":"default_layout","footnotes":""},"categories":[2],"tags":[],"class_list":["post-33660","post","type-post","status-publish","format-standard","has-post-thumbnail","hentry","category-infogral"],"_links":{"self":[{"href":"http:\/\/vocesver.com\/noticias\/wp-json\/wp\/v2\/posts\/33660","targetHints":{"allow":["GET"]}}],"collection":[{"href":"http:\/\/vocesver.com\/noticias\/wp-json\/wp\/v2\/posts"}],"about":[{"href":"http:\/\/vocesver.com\/noticias\/wp-json\/wp\/v2\/types\/post"}],"author":[{"embeddable":true,"href":"http:\/\/vocesver.com\/noticias\/wp-json\/wp\/v2\/users\/2"}],"replies":[{"embeddable":true,"href":"http:\/\/vocesver.com\/noticias\/wp-json\/wp\/v2\/comments?post=33660"}],"version-history":[{"count":2,"href":"http:\/\/vocesver.com\/noticias\/wp-json\/wp\/v2\/posts\/33660\/revisions"}],"predecessor-version":[{"id":33665,"href":"http:\/\/vocesver.com\/noticias\/wp-json\/wp\/v2\/posts\/33660\/revisions\/33665"}],"wp:featuredmedia":[{"embeddable":true,"href":"http:\/\/vocesver.com\/noticias\/wp-json\/wp\/v2\/media\/33666"}],"wp:attachment":[{"href":"http:\/\/vocesver.com\/noticias\/wp-json\/wp\/v2\/media?parent=33660"}],"wp:term":[{"taxonomy":"category","embeddable":true,"href":"http:\/\/vocesver.com\/noticias\/wp-json\/wp\/v2\/categories?post=33660"},{"taxonomy":"post_tag","embeddable":true,"href":"http:\/\/vocesver.com\/noticias\/wp-json\/wp\/v2\/tags?post=33660"}],"curies":[{"name":"wp","href":"https:\/\/api.w.org\/{rel}","templated":true}]}}