{"id":33653,"date":"2022-02-24T15:28:17","date_gmt":"2022-02-24T15:28:17","guid":{"rendered":"http:\/\/vocesver.com\/noticias\/?p=33653"},"modified":"2022-02-24T15:30:02","modified_gmt":"2022-02-24T15:30:02","slug":"gobernador-cuitlahuac-garcia-pongase-a-trabajar-en-serio-deje-la-grilla-politica-y-pretender-dividir-a-los-veracruzanos-prd","status":"publish","type":"post","link":"http:\/\/vocesver.com\/noticias\/gobernador-cuitlahuac-garcia-pongase-a-trabajar-en-serio-deje-la-grilla-politica-y-pretender-dividir-a-los-veracruzanos-prd\/","title":{"rendered":"Gobernador Cuitl\u00e1huac Garc\u00eda p\u00f3ngase a trabajar en serio, deje la grilla pol\u00edtica y pretender dividir a los veracruzanos: PRD"},"content":{"rendered":"\n<p><br><br><br>REDACCI\u00d3N\/VOCESVER.COM\/NOTICIAS<br><br><br>Xalapa Ver., 24 de febrero de 2022. En un mensaje dirigido al pueblo de Veracruz, el l\u00edder del PRD, Sergio Cadena Mart\u00ednez, exhort\u00f3 al gobernador \u201ca ponerse a trabajar por el bienestar de Veracruz y dejar la grilla pol\u00edtica, que en nada le sirve a la sociedad\u201d.<br><br>Cadena Mart\u00ednez record\u00f3 que hace apenas unos d\u00edas el gobernador Cuitl\u00e1huac Garc\u00eda exhort\u00f3 a los veracruzanos a tomar partido para defender al presidente y salvar los logros de la llamada \u201cCuarta transformaci\u00f3n\u201d, hecho que en nada es racional al retomar la mala idea de polarizar y dividir a la sociedad, \u201centre los que apoyan al presidente y los que por disentir con este gobierno son calificados como traidores a la patria, promoviendo una guerra civil que no existe\u201d.<br><br>\u201cLo que hace falta en M\u00e9xico y en Veracruz es un llamado a cerrar filas y sumar esfuerzos para salir adelante de la crisis econ\u00f3mica, pol\u00edtica y social en la en estamos inmersos.<br><br>Son tiempos para enfrentar los grandes problemas nacionales y aquellos temas que afectan a quienes no consiguen empleo, que enfrentan la carest\u00eda de la vida y el desmedido aumento de precios; de apoyar sin demagogia a quienes viven en situaci\u00f3n de pobreza y de responder con hechos a quienes se preocupan por el futuro de sus hijos ante el aumento del rezago educativo y la deserci\u00f3n escolar de ni\u00f1os y j\u00f3venes\u201d, apunt\u00f3.<br><br>Y concluy\u00f3 destacando que esos son los problemas que debemos enfrentar sumando esfuerzos, para lograr el desarrollo que necesita Veracruz y no para apoyar gobernantes fallidos sin resultados en m\u00e1s de tres a\u00f1os de gobierno.<br><br>Porque dijo, no se puede ser solidario con quienes enga\u00f1an, maltratan y no atienden las necesidades de la poblaci\u00f3n.<br><br><br><br><br><br><br><br><br><br><br><br><br><br><br><br><br><br><br><br><br><br><br><br><br><br><br><br><br><br><\/p>\n","protected":false},"excerpt":{"rendered":"<p>REDACCI\u00d3N\/VOCESVER.COM\/NOTICIAS Xalapa Ver., 24 de febrero de 2022. En un mensaje dirigido al pueblo de Veracruz, el l\u00edder del PRD,<\/p>\n","protected":false},"author":2,"featured_media":33662,"comment_status":"open","ping_status":"open","sticky":false,"template":"","format":"standard","meta":{"colormag_page_container_layout":"default_layout","colormag_page_sidebar_layout":"default_layout","footnotes":""},"categories":[4],"tags":[],"class_list":["post-33653","post","type-post","status-publish","format-standard","has-post-thumbnail","hentry","category-estatal"],"_links":{"self":[{"href":"http:\/\/vocesver.com\/noticias\/wp-json\/wp\/v2\/posts\/33653","targetHints":{"allow":["GET"]}}],"collection":[{"href":"http:\/\/vocesver.com\/noticias\/wp-json\/wp\/v2\/posts"}],"about":[{"href":"http:\/\/vocesver.com\/noticias\/wp-json\/wp\/v2\/types\/post"}],"author":[{"embeddable":true,"href":"http:\/\/vocesver.com\/noticias\/wp-json\/wp\/v2\/users\/2"}],"replies":[{"embeddable":true,"href":"http:\/\/vocesver.com\/noticias\/wp-json\/wp\/v2\/comments?post=33653"}],"version-history":[{"count":2,"href":"http:\/\/vocesver.com\/noticias\/wp-json\/wp\/v2\/posts\/33653\/revisions"}],"predecessor-version":[{"id":33661,"href":"http:\/\/vocesver.com\/noticias\/wp-json\/wp\/v2\/posts\/33653\/revisions\/33661"}],"wp:featuredmedia":[{"embeddable":true,"href":"http:\/\/vocesver.com\/noticias\/wp-json\/wp\/v2\/media\/33662"}],"wp:attachment":[{"href":"http:\/\/vocesver.com\/noticias\/wp-json\/wp\/v2\/media?parent=33653"}],"wp:term":[{"taxonomy":"category","embeddable":true,"href":"http:\/\/vocesver.com\/noticias\/wp-json\/wp\/v2\/categories?post=33653"},{"taxonomy":"post_tag","embeddable":true,"href":"http:\/\/vocesver.com\/noticias\/wp-json\/wp\/v2\/tags?post=33653"}],"curies":[{"name":"wp","href":"https:\/\/api.w.org\/{rel}","templated":true}]}}