{"id":33644,"date":"2022-02-23T22:27:25","date_gmt":"2022-02-23T22:27:25","guid":{"rendered":"http:\/\/vocesver.com\/noticias\/?p=33644"},"modified":"2022-02-24T15:21:52","modified_gmt":"2022-02-24T15:21:52","slug":"el-licendiado-rene-gonzalez-se-integra-al-cen-de-la-asociacion-de-abogados-democraticos","status":"publish","type":"post","link":"http:\/\/vocesver.com\/noticias\/el-licendiado-rene-gonzalez-se-integra-al-cen-de-la-asociacion-de-abogados-democraticos\/","title":{"rendered":"EL LICENDIADO REN\u00c9 GONZ\u00c1LEZ SE INTEGRA AL  CEN DE LA ASOCIACI\u00d3N DE ABOGADOS DEMOCR\u00c1TICOS."},"content":{"rendered":"\n<p><br>\u00b0Las elecciones se efectuaron el s\u00e1bado pasado.<br>\u00b0Actualmente ocupa la presidencia de esta asociaci\u00f3n en el Puerto de Veracruz<br>AUSENCIO RIVERA\/VOCESVER.COM\/NOTICIAS<br>Veracruz,Ver.- a 23 de Febrero 2022.- El licenciado Ren\u00e9 Gonz\u00e1lez  Vel\u00e1zquez quien actualmente ocupa el cargo de Presidente de la Asociaci\u00f3n Nacional de Abogados Democr\u00e1ticos en el Puerto de Veracruz AC. result\u00f3 electo como nuevo secretario de Derecho Econ\u00f3mico y Financiero del Comit\u00e9 Ejecutivo Nacional de esta organizaci\u00f3n de abogados.<br>Lo anterior lo confirm\u00f3 el mismo abogado quien explic\u00f3 que este nuevo cargo se le otorg\u00f3 el s\u00e1bado cuando se realizar\u00f3n elecciones en el Comit\u00e9 Ejecutivo Nacional de esta asociaci\u00f3n y en donde por mayor\u00eda de votos logr\u00f3 ganar esta secretar\u00eda.<br>Contento por su nueva encomienda, el entrevistado dijo que entre sus planes de trabajo se encuentra el seguir trabajando de la mano con el Comit\u00e9 Ejecutivo Nacional de esta asociaci\u00f3n en programas de estudios, conferencias, pl\u00e1ticas y abundar en lo que sea necesario  en el \u00e1rea que me toc\u00f3 desempe\u00f1ar.<br>Por otro lado se\u00f1al\u00f3 que en el caso del tema del delito de ultrajes a la autoridad es cuesti\u00f3n de interpretaci\u00f3n al tiempo que dijo el que se sienta aludido que acuda a los tribunales y a las fiscal\u00edas a presentar sus demandas correspondientes.<br> Ser\u00e1 la autoridad judicial quien diga si se cometi\u00f3 alguna infracci\u00f3n y a\u00f1adi\u00f3 que las cosas se deben manejar por la v\u00eda del derecho.<br><br><br><br><br><br><br><br><br><br><br><br><br><br><br><br><br><br><br><br><br><br><br><br><br><br><br><br><br><br><br><br><br><\/p>\n","protected":false},"excerpt":{"rendered":"<p>\u00b0Las elecciones se efectuaron el s\u00e1bado pasado.\u00b0Actualmente ocupa la presidencia de esta asociaci\u00f3n en el Puerto de VeracruzAUSENCIO RIVERA\/VOCESVER.COM\/NOTICIASVeracruz,Ver.- a<\/p>\n","protected":false},"author":2,"featured_media":33651,"comment_status":"open","ping_status":"open","sticky":false,"template":"","format":"standard","meta":{"colormag_page_container_layout":"default_layout","colormag_page_sidebar_layout":"default_layout","footnotes":""},"categories":[2],"tags":[],"class_list":["post-33644","post","type-post","status-publish","format-standard","has-post-thumbnail","hentry","category-infogral"],"_links":{"self":[{"href":"http:\/\/vocesver.com\/noticias\/wp-json\/wp\/v2\/posts\/33644","targetHints":{"allow":["GET"]}}],"collection":[{"href":"http:\/\/vocesver.com\/noticias\/wp-json\/wp\/v2\/posts"}],"about":[{"href":"http:\/\/vocesver.com\/noticias\/wp-json\/wp\/v2\/types\/post"}],"author":[{"embeddable":true,"href":"http:\/\/vocesver.com\/noticias\/wp-json\/wp\/v2\/users\/2"}],"replies":[{"embeddable":true,"href":"http:\/\/vocesver.com\/noticias\/wp-json\/wp\/v2\/comments?post=33644"}],"version-history":[{"count":3,"href":"http:\/\/vocesver.com\/noticias\/wp-json\/wp\/v2\/posts\/33644\/revisions"}],"predecessor-version":[{"id":33658,"href":"http:\/\/vocesver.com\/noticias\/wp-json\/wp\/v2\/posts\/33644\/revisions\/33658"}],"wp:featuredmedia":[{"embeddable":true,"href":"http:\/\/vocesver.com\/noticias\/wp-json\/wp\/v2\/media\/33651"}],"wp:attachment":[{"href":"http:\/\/vocesver.com\/noticias\/wp-json\/wp\/v2\/media?parent=33644"}],"wp:term":[{"taxonomy":"category","embeddable":true,"href":"http:\/\/vocesver.com\/noticias\/wp-json\/wp\/v2\/categories?post=33644"},{"taxonomy":"post_tag","embeddable":true,"href":"http:\/\/vocesver.com\/noticias\/wp-json\/wp\/v2\/tags?post=33644"}],"curies":[{"name":"wp","href":"https:\/\/api.w.org\/{rel}","templated":true}]}}