{"id":33611,"date":"2022-02-22T22:45:37","date_gmt":"2022-02-22T22:45:37","guid":{"rendered":"http:\/\/vocesver.com\/noticias\/?p=33611"},"modified":"2022-02-22T22:55:26","modified_gmt":"2022-02-22T22:55:26","slug":"nuevos-integrantes-de-la-union-de-marineros-cuentan-con-el-90-de-firmas-de-aprobacion-galvan-aguilar","status":"publish","type":"post","link":"http:\/\/vocesver.com\/noticias\/nuevos-integrantes-de-la-union-de-marineros-cuentan-con-el-90-de-firmas-de-aprobacion-galvan-aguilar\/","title":{"rendered":"NUEVOS INTEGRANTES DE LA UNI\u00d3N DE MARINEROS  CUENTAN CON EL 90% DE FIRMAS DE APROBACI\u00d3N: GALV\u00c1N AGUILAR."},"content":{"rendered":"\n<p><br>\u00b0Ellos son:Mario Castillo Guti\u00e9rrez y Mario Galv\u00e1n Aguilar<br>\u00b0Sustitur\u00e1n a dos integrantes que fallecieron por Covid-19.<br>\u00b0Solo falta la votaci\u00f3n de los trabajadores que ser\u00e1 de manera electr\u00f3nica.<br>\u00b0Se prev\u00e9 que la votaci\u00f3n solo demore un d\u00eda.<br>AUSENCIO RUVERA\/VOCESVER.COM\/NOTICIAS<br>Veracruz,Ver.- a 22 de Febrero 2022.- Ser\u00e1 en estos d\u00edas cuando se lleve a cabo el proceso de votaci\u00f3n para elegir a los nuevos integrantes del Comit\u00e9 Ejecutivo de la Uni\u00f3n Nacional de Marineros del puerto de Veracruz,tras el fallecimiento de dos de ellos consecuencia de la pandemia del Covid-19 el a\u00f1o pasado.<br>Lo anterior lo se\u00f1al\u00f3 Mario Alberto Galv\u00e1n Aguilar secretario general de la Uni\u00f3 Nacional de Marineros,Fogoneros,Mayordomos,Cocineros,Similares y Conexos de la Rep\u00fablica Mexicana y quien explic\u00f3 que los dos candidatos son:Mario Castllo Guti\u00e9rrez candidato a la Secretaria de Atas y Acuerdos y Maro Galv\u00e1n Aguilar candidato a la Secretaria del Trabajo.<br>El dirigente sindical confirm\u00f3 que hasta ahora ya tienen recaudadas m\u00e1s del 90 por ciento de firmas de distintas compa\u00f1\u00edas de diferentes puertos, lo que significa que ya son los nuevos integrantes de esta organizaci\u00f3n.<br>Lo que sigue es llevar a cabo el proceso de votaci\u00f3n que ser\u00e1 de acuerdo a la reforma laboral.<br>Ellos ya tienen las firmas de aprobaci\u00f3n, pero falta que se lleve la votaci\u00f3n de todos los trabajadores activos como establecen las leyes del trabajo y los estatutos de este gremio.<br>Por ahora solo falta recaudar las firmas de L\u00e1zaro C\u00e1rdenas y una vez que ellos firmen vamos a llevar a  cabo el proceso de votaci\u00f3n.<br>\u201cPrecisamente nosotros tenemos programado un viaje el Jueves para ese lugar y regresando con la totalidad de las firmas vamos a convocar si hay alg\u00fan inter\u00e9s de alguien m\u00e1s en querer participar en el proceso\u201d.<br> Record\u00f3 que en la convocatoria pasada la mayor\u00eda de los trabajadores externaron su inter\u00e9s en apoyar a los compa\u00f1eros antes  mencionados.<br>Sin embargo vamos a volver a convocar de nueva cuenta y de no aparecer m\u00e1s candidatos vamos a proceder a realizar la votaci\u00f3n que en este caso ser\u00e1 de manera electr\u00f3nica tal como lo establece la Ley Federal del Trabajo y los trabajadores votar\u00edan mediante una aplicaci\u00f3n.<br> Esta forma de  votaci\u00f3n ser\u00eda para evitar que los trabajadores se contagien del coronavirus.<br>\u201cPara ello vamos a convocar a una empresa certificada que sea aprobada por el nuevo instituto y a partir de ah\u00ed iniciaremos el proceso\u201d.<br> Nosotros queremos que este proceso  demore un solo d\u00eda, ya que todo mundo podr\u00eda votar desde a bordo de los barcos a trav\u00e9s de los tel\u00e9fonos celulares y los que est\u00e1n en tierra tambi\u00e9n hagan lo propio.<br>El l\u00edder obrero dijo que en este proceso votar\u00edan 800 trabajadores ya que se est\u00e1 considerando a todos los que est\u00e1n en puertos e incluso se tuvo que hacer una lista y votar\u00e1n todos los que est\u00e9n activos.<br><br><br><br><br><br><br><br><br><br><br><br><br><br><br><br><br><br><br><br><br><br><br><br><br><br><br><br><br><br><br><br><br><br><\/p>\n","protected":false},"excerpt":{"rendered":"<p>\u00b0Ellos son:Mario Castillo Guti\u00e9rrez y Mario Galv\u00e1n Aguilar\u00b0Sustitur\u00e1n a dos integrantes que fallecieron por Covid-19.\u00b0Solo falta la votaci\u00f3n de los<\/p>\n","protected":false},"author":2,"featured_media":33618,"comment_status":"open","ping_status":"open","sticky":false,"template":"","format":"standard","meta":{"colormag_page_container_layout":"default_layout","colormag_page_sidebar_layout":"default_layout","footnotes":""},"categories":[2],"tags":[],"class_list":["post-33611","post","type-post","status-publish","format-standard","has-post-thumbnail","hentry","category-infogral"],"_links":{"self":[{"href":"http:\/\/vocesver.com\/noticias\/wp-json\/wp\/v2\/posts\/33611","targetHints":{"allow":["GET"]}}],"collection":[{"href":"http:\/\/vocesver.com\/noticias\/wp-json\/wp\/v2\/posts"}],"about":[{"href":"http:\/\/vocesver.com\/noticias\/wp-json\/wp\/v2\/types\/post"}],"author":[{"embeddable":true,"href":"http:\/\/vocesver.com\/noticias\/wp-json\/wp\/v2\/users\/2"}],"replies":[{"embeddable":true,"href":"http:\/\/vocesver.com\/noticias\/wp-json\/wp\/v2\/comments?post=33611"}],"version-history":[{"count":3,"href":"http:\/\/vocesver.com\/noticias\/wp-json\/wp\/v2\/posts\/33611\/revisions"}],"predecessor-version":[{"id":33620,"href":"http:\/\/vocesver.com\/noticias\/wp-json\/wp\/v2\/posts\/33611\/revisions\/33620"}],"wp:featuredmedia":[{"embeddable":true,"href":"http:\/\/vocesver.com\/noticias\/wp-json\/wp\/v2\/media\/33618"}],"wp:attachment":[{"href":"http:\/\/vocesver.com\/noticias\/wp-json\/wp\/v2\/media?parent=33611"}],"wp:term":[{"taxonomy":"category","embeddable":true,"href":"http:\/\/vocesver.com\/noticias\/wp-json\/wp\/v2\/categories?post=33611"},{"taxonomy":"post_tag","embeddable":true,"href":"http:\/\/vocesver.com\/noticias\/wp-json\/wp\/v2\/tags?post=33611"}],"curies":[{"name":"wp","href":"https:\/\/api.w.org\/{rel}","templated":true}]}}