{"id":33607,"date":"2022-02-22T21:41:26","date_gmt":"2022-02-22T21:41:26","guid":{"rendered":"http:\/\/vocesver.com\/noticias\/?p=33607"},"modified":"2022-02-22T21:44:55","modified_gmt":"2022-02-22T21:44:55","slug":"disminuir-prerrogativas-si-pero-para-destinar-recursos-a-necesidades-no-por-berrinche-del-gobernador-jesus-velazquez","status":"publish","type":"post","link":"http:\/\/vocesver.com\/noticias\/disminuir-prerrogativas-si-pero-para-destinar-recursos-a-necesidades-no-por-berrinche-del-gobernador-jesus-velazquez\/","title":{"rendered":"*Disminuir prerrogativas s\u00ed, pero para destinar recursos a necesidades, no por berrinche del Gobernador: Jes\u00fas Vel\u00e1zquez*"},"content":{"rendered":"\n<p>_-Congreso local deja en rid\u00edculo a Cuitl\u00e1huac Garc\u00eda al intentar aprobar Reforma Electoral fuera del t\u00e9rmino legal_<br><br>_-Retiene indebidamente Secretario de Finanzas recursos de partidos sin fin alguno_<br>CDMX&#8230;&#8230;El PRD ha estado a favor de la reducci\u00f3n de prerrogativas a partidos pol\u00edticos, siempre y cuando dichos recursos se destinen para atender necesidades de inter\u00e9s p\u00fablico y no solo por berrinches del Gobernador, asegur\u00f3 el diputado federal Jes\u00fas Alberto Vel\u00e1zquez Flores.<br><br>Asimismo, el legislador perredista indic\u00f3 que con el intento de aprobaci\u00f3n fuera del t\u00e9rmino legal para la Reforma Electoral en materia de reducci\u00f3n de prerrogativas; el Congreso local, con mayor\u00eda de Morena, se ha visto rebasado en conocimiento jur\u00eddico y ridiculiza a Cuitl\u00e1huac Jim\u00e9nez ante la opini\u00f3n p\u00fablica.<br><br>\u201cNos vemos en la necesidad de aclararle al Gobernador que nosotros (el PRD) no estamos en contra de la disminuci\u00f3n de perrogativas; incluso cuando me toc\u00f3 ser presidente del partido y se intent\u00f3 hacerlo, lo dijimos: s\u00ed, pero que se utilicen en cosas que le hacen falta a la ciudadan\u00eda de Veracruz\u201d, asever\u00f3.<br><br>Asimismo, Vel\u00e1zquez Flores dijo que hay un sinf\u00edn de carencias en la entidad, lo cual convierte en prioridad destinar mayores recursos para la cobertura de \u00e9stas.<br><br>\u201cHay falta de medicamentos para ni\u00f1os con c\u00e1ncer y otros padecimientos que desgraciadamente no tienen c\u00f3mo enfrentar; tambi\u00e9n podr\u00eda ocuparse para reforzar la seguridad, o atender y apoyar a empresas que sufrieron p\u00e9rdidas por la pandemia; hay muchas m\u00e1s cosas donde se requerir\u00eda destinar ese dinero de prerrogativas, sin embargo, no es as\u00ed\u201d.<br><br>No obstante, Jes\u00fas Vel\u00e1zquez dej\u00f3 en claro a Cuitl\u00e1huac Garc\u00eda que lo que el PRD evidenci\u00f3 fue la falta de capacidad del Congreso de Veracruz, quienes son los que cometen los errores, dejando en rid\u00edculo al mandatario.<br><br>\u201cEl gobernador podr\u00e1 mandar mil veces la iniciativa (de Reforma Electoral) y el Congreso equivocarse mil veces m\u00e1s en legislarla, y aunque no es responsabilidad de \u00e9l que el Congreso se equivoque, la mayor\u00eda es de Morena y son sus compa\u00f1eros\u201d, explic\u00f3 Vel\u00e1zquez Flores.<br><br>Finalmente, el diputado federal detall\u00f3 que el tema de las prerrogativas se resume en un asunto de eficiencia legislativa, la cual en Veracruz no se tiene y esto genera una mala imagen desde el Congreso, en perjuicio de Cuitl\u00e1huac Garc\u00eda quien tampoco hace por transparentar el destino de ese dinero.<br><br>\u201cNo dije que no se quiten las prerrogativas, al contrario, si lo van a hacer es muy bueno, pero que se utilicen para estas necesidades y que el Gobernador rinda cuentas, pues ahora el Secretario de Finanzas dice que \u2018ah\u00ed tiene el dinero\u2019, durmiendo \u2018el sue\u00f1o de los justos\u2019, cuando hay tanta necesidad en Veracruz\u201d, concluy\u00f3.<br><br><br><br><br><br><br>&#8212;<br><br><br><br><br><br><br><br><br><br><br><br><br><br><br><br><br><br><br><br><br><br><br><br><br><\/p>\n","protected":false},"excerpt":{"rendered":"<p>_-Congreso local deja en rid\u00edculo a Cuitl\u00e1huac Garc\u00eda al intentar aprobar Reforma Electoral fuera del t\u00e9rmino legal_ _-Retiene indebidamente Secretario<\/p>\n","protected":false},"author":2,"featured_media":33614,"comment_status":"open","ping_status":"open","sticky":false,"template":"","format":"standard","meta":{"colormag_page_container_layout":"default_layout","colormag_page_sidebar_layout":"default_layout","footnotes":""},"categories":[5],"tags":[],"class_list":["post-33607","post","type-post","status-publish","format-standard","has-post-thumbnail","hentry","category-nacional"],"_links":{"self":[{"href":"http:\/\/vocesver.com\/noticias\/wp-json\/wp\/v2\/posts\/33607","targetHints":{"allow":["GET"]}}],"collection":[{"href":"http:\/\/vocesver.com\/noticias\/wp-json\/wp\/v2\/posts"}],"about":[{"href":"http:\/\/vocesver.com\/noticias\/wp-json\/wp\/v2\/types\/post"}],"author":[{"embeddable":true,"href":"http:\/\/vocesver.com\/noticias\/wp-json\/wp\/v2\/users\/2"}],"replies":[{"embeddable":true,"href":"http:\/\/vocesver.com\/noticias\/wp-json\/wp\/v2\/comments?post=33607"}],"version-history":[{"count":3,"href":"http:\/\/vocesver.com\/noticias\/wp-json\/wp\/v2\/posts\/33607\/revisions"}],"predecessor-version":[{"id":33613,"href":"http:\/\/vocesver.com\/noticias\/wp-json\/wp\/v2\/posts\/33607\/revisions\/33613"}],"wp:featuredmedia":[{"embeddable":true,"href":"http:\/\/vocesver.com\/noticias\/wp-json\/wp\/v2\/media\/33614"}],"wp:attachment":[{"href":"http:\/\/vocesver.com\/noticias\/wp-json\/wp\/v2\/media?parent=33607"}],"wp:term":[{"taxonomy":"category","embeddable":true,"href":"http:\/\/vocesver.com\/noticias\/wp-json\/wp\/v2\/categories?post=33607"},{"taxonomy":"post_tag","embeddable":true,"href":"http:\/\/vocesver.com\/noticias\/wp-json\/wp\/v2\/tags?post=33607"}],"curies":[{"name":"wp","href":"https:\/\/api.w.org\/{rel}","templated":true}]}}