{"id":33603,"date":"2022-02-22T21:35:15","date_gmt":"2022-02-22T21:35:15","guid":{"rendered":"http:\/\/vocesver.com\/noticias\/?p=33603"},"modified":"2022-02-22T21:37:11","modified_gmt":"2022-02-22T21:37:11","slug":"aunque-se-opongan-insistiremos-en-reducir-las-prerrogativas-a-partidos-politicos-ramirez-zepeta","status":"publish","type":"post","link":"http:\/\/vocesver.com\/noticias\/aunque-se-opongan-insistiremos-en-reducir-las-prerrogativas-a-partidos-politicos-ramirez-zepeta\/","title":{"rendered":"Aunque se opongan, insistiremos en reducir las prerrogativas a partidos pol\u00edticos: Ram\u00edrez Zepeta"},"content":{"rendered":"\n<p><br><br><br>REDACCI\u00d3N\/VOCESVER.COM\/NOTICIAS<br> <br><br>Xalapa, Ver., 22 de febrero2022.- A pesar de la oposici\u00f3n, seguiremos insistiendo en disminuir a la mitad las prerrogativas de los partidos pol\u00edticos, porque tenemos un compromiso con las demandas de la ciudadan\u00eda, expres\u00f3 el Delegado Estatal en funciones de Presidente del Movimiento de Regeneraci\u00f3n Nacional (Morena), Esteban Ram\u00edrez Zepeta.<br><br>El dirigente estatal de Morena se refiri\u00f3 a la decisi\u00f3n del Tribunal Electoral de Veracruz (TEV), de no aplicar en las elecciones extraordinarias la disminuci\u00f3n del 50 por ciento de las prerrogativas a los partidos pol\u00edticos.<br><br>\u201cAunque otros se opongan, en nuestro movimiento vamos a seguir insistiendo en la disminuci\u00f3n a la mitad de los recursos que reciben los partidos pol\u00edticos. No es un tema de legalidad nada m\u00e1s, sino de principios, porque son los recursos del pueblo\u201d, dijo.<br><br>Agreg\u00f3 que \u201cconocemos, entendemos, los procesos legales que el propio Tribunal Electoral ha dado visto, pero nosotros vamos a seguir insistiendo en que se lleve a cabo la reducci\u00f3n del 50 por ciento de las prerrogativas que reciben los partidos pol\u00edticos, incluyendo Morena que es el que m\u00e1s prerrogativas recibe\u201d, expres\u00f3.<br><br>Asimismo, record\u00f3 que desde el inicio del movimiento de la Cuarta Transformaci\u00f3n, la  lucha no es por cargos ni privilegios, sino para responder a las demandas de la ciudadan\u00eda. A\u00f1adi\u00f3 que seguir\u00e1n manifest\u00e1ndose a favor de que, por austeridad, se disminuyan no solo las prerrogativas, sino la cantidad de diputaciones plurinominales y los salarios de los servidores p\u00fablicos. <br><br><br><br><br><br><br><br><br><br><br><br><br><br><br><br><br><br><br><br><br><br><br><br><br><br><br><br><br><\/p>\n","protected":false},"excerpt":{"rendered":"<p>REDACCI\u00d3N\/VOCESVER.COM\/NOTICIAS Xalapa, Ver., 22 de febrero2022.- A pesar de la oposici\u00f3n, seguiremos insistiendo en disminuir a la mitad las prerrogativas<\/p>\n","protected":false},"author":2,"featured_media":33609,"comment_status":"open","ping_status":"open","sticky":false,"template":"","format":"standard","meta":{"colormag_page_container_layout":"default_layout","colormag_page_sidebar_layout":"default_layout","footnotes":""},"categories":[4],"tags":[],"class_list":["post-33603","post","type-post","status-publish","format-standard","has-post-thumbnail","hentry","category-estatal"],"_links":{"self":[{"href":"http:\/\/vocesver.com\/noticias\/wp-json\/wp\/v2\/posts\/33603","targetHints":{"allow":["GET"]}}],"collection":[{"href":"http:\/\/vocesver.com\/noticias\/wp-json\/wp\/v2\/posts"}],"about":[{"href":"http:\/\/vocesver.com\/noticias\/wp-json\/wp\/v2\/types\/post"}],"author":[{"embeddable":true,"href":"http:\/\/vocesver.com\/noticias\/wp-json\/wp\/v2\/users\/2"}],"replies":[{"embeddable":true,"href":"http:\/\/vocesver.com\/noticias\/wp-json\/wp\/v2\/comments?post=33603"}],"version-history":[{"count":2,"href":"http:\/\/vocesver.com\/noticias\/wp-json\/wp\/v2\/posts\/33603\/revisions"}],"predecessor-version":[{"id":33608,"href":"http:\/\/vocesver.com\/noticias\/wp-json\/wp\/v2\/posts\/33603\/revisions\/33608"}],"wp:featuredmedia":[{"embeddable":true,"href":"http:\/\/vocesver.com\/noticias\/wp-json\/wp\/v2\/media\/33609"}],"wp:attachment":[{"href":"http:\/\/vocesver.com\/noticias\/wp-json\/wp\/v2\/media?parent=33603"}],"wp:term":[{"taxonomy":"category","embeddable":true,"href":"http:\/\/vocesver.com\/noticias\/wp-json\/wp\/v2\/categories?post=33603"},{"taxonomy":"post_tag","embeddable":true,"href":"http:\/\/vocesver.com\/noticias\/wp-json\/wp\/v2\/tags?post=33603"}],"curies":[{"name":"wp","href":"https:\/\/api.w.org\/{rel}","templated":true}]}}