{"id":33595,"date":"2022-02-21T23:12:52","date_gmt":"2022-02-21T23:12:52","guid":{"rendered":"http:\/\/vocesver.com\/noticias\/?p=33595"},"modified":"2022-02-21T23:13:59","modified_gmt":"2022-02-21T23:13:59","slug":"dia-de-la-bandera-ve-si-es-feriado-y-si-habra-clases","status":"publish","type":"post","link":"http:\/\/vocesver.com\/noticias\/dia-de-la-bandera-ve-si-es-feriado-y-si-habra-clases\/","title":{"rendered":"D\u00eda de la Bandera: ve si es feriado y si habr\u00e1 clases"},"content":{"rendered":"\n<p>El 24 de febrero, D\u00eda de la Bandera en M\u00e9xico, no se suspenden clases. Foto: Cuartoscuro.<br><br><br>REDACCI\u00d3N\/VOCESVER.COM\/NOTICIAS<br><br><br>NACIONAL.- A 21 DE FEBRERO 2022.- DE ACUERDO CON INFORMACI\u00d3N DE EDUARDO GALV\u00c1N\/M\u00c9XICO \/UNOTV&#8230;.Este 24 de febrero se celebra el D\u00eda de la Bandera en M\u00e9xico, conmemoraci\u00f3n establecida en 1934 y oficialmente reconocida en 1940 por decreto del presidente L\u00e1zaro C\u00e1rdenas del R\u00edo.<br><br><br>No se suspenden las clases<br>No es un d\u00eda oficial o feriado, por lo que los trabajadores laboran con normalidad<br>Oficialmente llamada Bandera Nacional de los Estados Unidos Mexicanos, la Bandera de M\u00e9xico es uno de los tres s\u00edmbolos patrios establecidos por la ley, junto con el Escudo y el Himno Nacional.<br><br>Dise\u00f1o de la Bandera de M\u00e9xico<br><br>El actual dise\u00f1o de la Bandera de M\u00e9xico se adopt\u00f3 desde el 16 de septiembre de 1968 y, desde febrero de 1984, su uso es regulado por la Secretar\u00eda de Gobernaci\u00f3n con base en la Ley sobre el Escudo, la Bandera y el Himno Nacionales en el cap\u00edtulo segundo.<br><br><br>D\u00eda de la Bandera de M\u00e9xico: ve qu\u00e9 se celebra el 24 de febrero<br>Foto: Cuartoscuro.<br>Est\u00e1 segmentada en tres partes iguales, cada una en diferente color y con diferente significado:<br><br>Verde: Esperanza.<br>Blanco: Unidad.<br>Rojo: La sangre de los h\u00e9roes nacionales.<br>Aunque cabe destacar que el art\u00edculo 3 de la Ley sobre el Escudo, la Bandera y el Himno Nacionales no da un simbolismo oficial de los colores.<br><br>El 24 de febrero no se suspenden clases<br>De acuerdo con el Calendario Escolar 2021-2022, de la Secretar\u00eda de Educaci\u00f3n P\u00fablica (SEP), el 24 de febrero, que cae en jueves este 2022, no se suspenden las clases. Sin embargo, s\u00ed al siguiente d\u00eda, el viernes 25, para los alumnos de educaci\u00f3n b\u00e1sica, debido a la junta del Consejo T\u00e9cnico Escolar de profesores.<br><br>La Bandera de M\u00e9xico, adem\u00e1s de ser un s\u00edmbolo patrio y representar el esp\u00edritu de unidad, valor y patriotismo, es considerado un elemento unificador: \u201cuna expresi\u00f3n aut\u00e9ntica de nuestros or\u00edgenes, as\u00ed como del deseo de fortalecer el sentido de identidad nacional, como pa\u00eds independiente y soberano\u201d.<br><br><br><br><br>INF. DE EDUARDO GALV\u00c1N\/M\u00c9XICO\/UNOTV&#8230;&#8230;<br><br><br><br><br><br><br><br><br><br><br><br><br><br><br><br><br><br><br><br><br><br><br><br><br><br><br><br><br><\/p>\n","protected":false},"excerpt":{"rendered":"<p>El 24 de febrero, D\u00eda de la Bandera en M\u00e9xico, no se suspenden clases. Foto: Cuartoscuro. REDACCI\u00d3N\/VOCESVER.COM\/NOTICIAS NACIONAL.- A 21<\/p>\n","protected":false},"author":2,"featured_media":33601,"comment_status":"open","ping_status":"open","sticky":false,"template":"","format":"standard","meta":{"colormag_page_container_layout":"default_layout","colormag_page_sidebar_layout":"default_layout","footnotes":""},"categories":[5],"tags":[],"class_list":["post-33595","post","type-post","status-publish","format-standard","has-post-thumbnail","hentry","category-nacional"],"_links":{"self":[{"href":"http:\/\/vocesver.com\/noticias\/wp-json\/wp\/v2\/posts\/33595","targetHints":{"allow":["GET"]}}],"collection":[{"href":"http:\/\/vocesver.com\/noticias\/wp-json\/wp\/v2\/posts"}],"about":[{"href":"http:\/\/vocesver.com\/noticias\/wp-json\/wp\/v2\/types\/post"}],"author":[{"embeddable":true,"href":"http:\/\/vocesver.com\/noticias\/wp-json\/wp\/v2\/users\/2"}],"replies":[{"embeddable":true,"href":"http:\/\/vocesver.com\/noticias\/wp-json\/wp\/v2\/comments?post=33595"}],"version-history":[{"count":2,"href":"http:\/\/vocesver.com\/noticias\/wp-json\/wp\/v2\/posts\/33595\/revisions"}],"predecessor-version":[{"id":33600,"href":"http:\/\/vocesver.com\/noticias\/wp-json\/wp\/v2\/posts\/33595\/revisions\/33600"}],"wp:featuredmedia":[{"embeddable":true,"href":"http:\/\/vocesver.com\/noticias\/wp-json\/wp\/v2\/media\/33601"}],"wp:attachment":[{"href":"http:\/\/vocesver.com\/noticias\/wp-json\/wp\/v2\/media?parent=33595"}],"wp:term":[{"taxonomy":"category","embeddable":true,"href":"http:\/\/vocesver.com\/noticias\/wp-json\/wp\/v2\/categories?post=33595"},{"taxonomy":"post_tag","embeddable":true,"href":"http:\/\/vocesver.com\/noticias\/wp-json\/wp\/v2\/tags?post=33595"}],"curies":[{"name":"wp","href":"https:\/\/api.w.org\/{rel}","templated":true}]}}