{"id":33585,"date":"2022-02-21T22:41:20","date_gmt":"2022-02-21T22:41:20","guid":{"rendered":"http:\/\/vocesver.com\/noticias\/?p=33585"},"modified":"2022-02-21T22:47:40","modified_gmt":"2022-02-21T22:47:40","slug":"saqueo-a-escuelas-del-estado-de-veracruz-asciende-a-800-mdpsev","status":"publish","type":"post","link":"http:\/\/vocesver.com\/noticias\/saqueo-a-escuelas-del-estado-de-veracruz-asciende-a-800-mdpsev\/","title":{"rendered":"SAQUEO A ESCUELAS DEL ESTADO DE VERACRUZ  ASCIENDE A 800 MDP:SEV"},"content":{"rendered":"\n<p><br>REDACCI\u00d3N\/VOCESVER.COM\/NOTICIAS<br>Veracruz,Ver.- a 14 de Febrero 2022.-  Autoridades Educativas del Estado de Veracruz reconocen que el saqueo a escuelas de la entidad ha sido muy fuerte y las p\u00e9rdidas ascienden a m\u00e1s de 800 millones de pesos. <br>Lo anterior lo se\u00f1al\u00f3 el titular de la Secretar\u00eda de Educaci\u00f3n de Veracruz (SEV), Zenyazen Roberto Escobar Garc\u00eda.<br>El funcionario de la administraci\u00f3n estatal morenista explic\u00f3 que el puerto de Veracruz y lugares \u00abaleda\u00f1os\u00bb tiene el mayor n\u00famero de escuelas que han sido asaltadas.<br> Denunci\u00f3 que los delincuentes aprovehando los estragos de la pandemia del covid 19 pr\u00e1cticamente han desmantelado los planteles ya que se han robado tazas de ba\u00f1o, lavabos, cables y bombas.<br>El titular de la SEV se\u00f1al\u00f3 uno de los problemas que se tienen para canalizar recurso a las escuelas afectadas es que en su mayor\u00eda carecen de escrituras.<br>Explic\u00f3  que esta problem\u00e1tica en algunos casos ha entorpecido el regreso a clases presenciales en todas las escuelas de la entidad.<br>En referencia al rezago educativo manifest\u00f3 que este ser\u00e1 evaluado por la UNICEF y agreg\u00f3 que se tomar\u00e1 en cuenta al primero, segundo y tercer grado para conocer el avance de los programas educativos.<br><br><br><br><br><br><br><br><br><br><br><br><br><br><br><br><br><br><br><br><br><br><br><br><br><br><br><br><\/p>\n","protected":false},"excerpt":{"rendered":"<p>REDACCI\u00d3N\/VOCESVER.COM\/NOTICIASVeracruz,Ver.- a 14 de Febrero 2022.- Autoridades Educativas del Estado de Veracruz reconocen que el saqueo a escuelas de la<\/p>\n","protected":false},"author":2,"featured_media":33593,"comment_status":"open","ping_status":"open","sticky":false,"template":"","format":"standard","meta":{"colormag_page_container_layout":"default_layout","colormag_page_sidebar_layout":"default_layout","footnotes":""},"categories":[2],"tags":[],"class_list":["post-33585","post","type-post","status-publish","format-standard","has-post-thumbnail","hentry","category-infogral"],"_links":{"self":[{"href":"http:\/\/vocesver.com\/noticias\/wp-json\/wp\/v2\/posts\/33585","targetHints":{"allow":["GET"]}}],"collection":[{"href":"http:\/\/vocesver.com\/noticias\/wp-json\/wp\/v2\/posts"}],"about":[{"href":"http:\/\/vocesver.com\/noticias\/wp-json\/wp\/v2\/types\/post"}],"author":[{"embeddable":true,"href":"http:\/\/vocesver.com\/noticias\/wp-json\/wp\/v2\/users\/2"}],"replies":[{"embeddable":true,"href":"http:\/\/vocesver.com\/noticias\/wp-json\/wp\/v2\/comments?post=33585"}],"version-history":[{"count":3,"href":"http:\/\/vocesver.com\/noticias\/wp-json\/wp\/v2\/posts\/33585\/revisions"}],"predecessor-version":[{"id":33592,"href":"http:\/\/vocesver.com\/noticias\/wp-json\/wp\/v2\/posts\/33585\/revisions\/33592"}],"wp:featuredmedia":[{"embeddable":true,"href":"http:\/\/vocesver.com\/noticias\/wp-json\/wp\/v2\/media\/33593"}],"wp:attachment":[{"href":"http:\/\/vocesver.com\/noticias\/wp-json\/wp\/v2\/media?parent=33585"}],"wp:term":[{"taxonomy":"category","embeddable":true,"href":"http:\/\/vocesver.com\/noticias\/wp-json\/wp\/v2\/categories?post=33585"},{"taxonomy":"post_tag","embeddable":true,"href":"http:\/\/vocesver.com\/noticias\/wp-json\/wp\/v2\/tags?post=33585"}],"curies":[{"name":"wp","href":"https:\/\/api.w.org\/{rel}","templated":true}]}}