{"id":33577,"date":"2022-02-21T22:03:26","date_gmt":"2022-02-21T22:03:26","guid":{"rendered":"http:\/\/vocesver.com\/noticias\/?p=33577"},"modified":"2022-02-21T22:05:32","modified_gmt":"2022-02-21T22:05:32","slug":"alcaldes-de-la-4t-comprometidos-con-la-gente-ramirez-zepeta","status":"publish","type":"post","link":"http:\/\/vocesver.com\/noticias\/alcaldes-de-la-4t-comprometidos-con-la-gente-ramirez-zepeta\/","title":{"rendered":"Alcaldes de la 4T, comprometidos con la gente: Ram\u00edrez Zepeta"},"content":{"rendered":"\n<p><br><br><br><br>\u00a7  Dirigente estatal de Morena se re\u00fane con presidentas y presidentes municipales del movimiento en el centro y norte de Veracruz.<br><br>AUSENCIO RIVERA\/VOCESVER.COM\/NOTICIAS<br><br>Xalapa, Ver., 21 de febrero de 2022.- En Veracruz, nuestras alcaldesas y alcaldes est\u00e1n trabajando para corresponder al respaldo de sus municipios y consolidar la Cuarta Transformaci\u00f3n, afirm\u00f3 el Delegado Estatal en funciones de Presidente del Movimiento de Regeneraci\u00f3n Nacional (Morena), Esteban Ram\u00edrez Zepeta.<br><br>Con un llamado a mantener la unidad, el dirigente de Morena en la entidad sostuvo encuentros con las alcaldesas y alcaldes del norte y centro de la entidad, en Tuxpan y Xalapa. Subray\u00f3 que al ser el nivel de gobierno m\u00e1s cercano a la gente, los ayuntamientos necesitan responder con resultados a la confianza de la ciudadan\u00eda en la Cuarta Transformaci\u00f3n.<br><br>\u201cLes pido que ustedes representen los principios de nuestro movimiento en sus municipios, porque del trabajo que ustedes realicen con austeridad, honestidad y apegados a la ley, depende que la ciudadan\u00eda siga respaldando a la Cuarta Transformaci\u00f3n\u201d, dijo.<br><br>El delegado estatal del partido invit\u00f3 a los ediles a continuar a ras de suelo, cerca de la gente. \u201cEs muy importante no dejar a un lado los trabajos como movimiento. Recordemos que antes que ser un partido, somos un movimiento que naci\u00f3 para las causas justas y la transformaci\u00f3n de nuestro pa\u00eds y nuestro estado\u201d, coment\u00f3.<br><br><br><br><br><br><br><br><br><br><br><br><br><br><br><br><br><br><br><br><br><br><br><br><br><br><br><br><br><br><br><br><br><br><br><\/p>\n","protected":false},"excerpt":{"rendered":"<p>\u00a7 Dirigente estatal de Morena se re\u00fane con presidentas y presidentes municipales del movimiento en el centro y norte de<\/p>\n","protected":false},"author":2,"featured_media":33583,"comment_status":"open","ping_status":"open","sticky":false,"template":"","format":"standard","meta":{"colormag_page_container_layout":"default_layout","colormag_page_sidebar_layout":"default_layout","footnotes":""},"categories":[4],"tags":[],"class_list":["post-33577","post","type-post","status-publish","format-standard","has-post-thumbnail","hentry","category-estatal"],"_links":{"self":[{"href":"http:\/\/vocesver.com\/noticias\/wp-json\/wp\/v2\/posts\/33577","targetHints":{"allow":["GET"]}}],"collection":[{"href":"http:\/\/vocesver.com\/noticias\/wp-json\/wp\/v2\/posts"}],"about":[{"href":"http:\/\/vocesver.com\/noticias\/wp-json\/wp\/v2\/types\/post"}],"author":[{"embeddable":true,"href":"http:\/\/vocesver.com\/noticias\/wp-json\/wp\/v2\/users\/2"}],"replies":[{"embeddable":true,"href":"http:\/\/vocesver.com\/noticias\/wp-json\/wp\/v2\/comments?post=33577"}],"version-history":[{"count":2,"href":"http:\/\/vocesver.com\/noticias\/wp-json\/wp\/v2\/posts\/33577\/revisions"}],"predecessor-version":[{"id":33582,"href":"http:\/\/vocesver.com\/noticias\/wp-json\/wp\/v2\/posts\/33577\/revisions\/33582"}],"wp:featuredmedia":[{"embeddable":true,"href":"http:\/\/vocesver.com\/noticias\/wp-json\/wp\/v2\/media\/33583"}],"wp:attachment":[{"href":"http:\/\/vocesver.com\/noticias\/wp-json\/wp\/v2\/media?parent=33577"}],"wp:term":[{"taxonomy":"category","embeddable":true,"href":"http:\/\/vocesver.com\/noticias\/wp-json\/wp\/v2\/categories?post=33577"},{"taxonomy":"post_tag","embeddable":true,"href":"http:\/\/vocesver.com\/noticias\/wp-json\/wp\/v2\/tags?post=33577"}],"curies":[{"name":"wp","href":"https:\/\/api.w.org\/{rel}","templated":true}]}}