{"id":33572,"date":"2022-02-21T21:56:55","date_gmt":"2022-02-21T21:56:55","guid":{"rendered":"http:\/\/vocesver.com\/noticias\/?p=33572"},"modified":"2022-02-21T22:00:52","modified_gmt":"2022-02-21T22:00:52","slug":"el-prd-no-puede-ser-complaciente-con-los-malos-gobiernos-hacerlo-nos-convertiria-en-complices-sergio-cadena","status":"publish","type":"post","link":"http:\/\/vocesver.com\/noticias\/el-prd-no-puede-ser-complaciente-con-los-malos-gobiernos-hacerlo-nos-convertiria-en-complices-sergio-cadena\/","title":{"rendered":"El PRD no puede ser complaciente con los malos gobiernos; hacerlo nos convertir\u00eda en c\u00f3mplices: Sergio Cadena"},"content":{"rendered":"\n<p><br><br>Es y ser\u00e1 el principal opositor y cr\u00edtico de quienes da\u00f1an al pueblo de Veracruz, se\u00f1al\u00f3<br><br><br>REDACCI\u00d3N\/VOCESVER.COM\/NOTICIAS<br><br>Xalapa Ver., 21 de febrero de 2022. En su mensaje dirigido a las y los integrantes del D\u00e9cimo Consejo Estatal del Partido de la Revoluci\u00f3n Democr\u00e1tica, celebrado en Xalapa, Sergio Cadena Mart\u00ednez, Presidente de la DEE de Veracruz, los convoc\u00f3 a ser los opositores y cr\u00edticos de quienes est\u00e1n da\u00f1ando al pueblo, a descubrir las mentiras del gobierno y crear conciencia social de la realidad existente.<br><br>\u201cEl perredismo no puede ser complaciente, porque hacerlo nos convertir\u00eda en c\u00f3mplices. Nuestro compromiso es el de consolidar al PRD como la principal oposici\u00f3n a un r\u00e9gimen que ha enga\u00f1ado y se burla de la esperanza de los veracruzanos, que abusa del poder y est\u00e1 llevando a Veracruz a la banca rota\u201d, apunt\u00f3.<br><br>Por lo anterior, destac\u00f3 que el PRD reforzar\u00e1 la comunicaci\u00f3n con la sociedad a lo largo y ancho del territorio veracruzano y convocar\u00e1 a la suma de esfuerzos con los sectores progresistas, hombres y mujeres para revitalizar el estado y cambiar la historia.<br><br>\u201cComo oposici\u00f3n pol\u00edtica es nuestro deber combatir al mal gobierno que afecta las necesidades de la sociedad veracruzana y que no atiende las demandas de quienes lo eligieron y lo m\u00e1s grave, en 4 a\u00f1os ha endeudado a los veracruzanos con pr\u00e9stamos por 10 mil 500 millones de pesos, recursos de los que se desconoce su destino; Lo haremos por mejores tiempos y fundamentalmente para recuperar la grandeza de Veracruz\u201d, detall\u00f3.<br><br>Lo anterior, dijo ya que hay un gobierno que no realiza obra p\u00fablica, no invierte en infraestructura que detone el desarrollo estatal mientras la recuperaci\u00f3n econ\u00f3mica es incierta y seguimos viendo el cierre de empresas y negocios en todo el estado.<br><br>Agreg\u00f3 que los veracruzanos y veracruzanas hoy viven la inseguridad en sus comunidades y en sus domicilios, mientras el gobernador agravia a los periodistas y a la libertad de expresi\u00f3n para sostener delitos como el de \u201cultrajes a la autoridad\u201d, que es el garrote para intimidar a la sociedad y callar la protesta pol\u00edtica y social.<br><br>\u201cDemostramos que somos una fuerza pol\u00edtica que no se rinde y que lucha contra la adversidad y el abuso del poder del partido gobernante. El PRD se organiza y trabaja ya en la preparaci\u00f3n de acciones concretas para reforzar su presencia pol\u00edtica en todo el territorio veracruzano\u201d, se\u00f1al\u00f3.<br><br>Cadena Mart\u00ednez expres\u00f3 que avanzar\u00e1n no s\u00f3lo por el partido, sino por una realidad que pesa en el estado: \u201cHoy Veracruz est\u00e1 paralizado, sin desarrollo econ\u00f3mico, con un grave deterioro del bienestar social, de paz y de legalidad.<br><br>Hoy observamos un gobierno estatal sin resultados, con una pobreza creciente entre la poblaci\u00f3n, con una carest\u00eda de la vida como no suced\u00eda en los \u00faltimos 20 a\u00f1os. No se generan los empleos necesarios, la migraci\u00f3n laboral hacia los Estados Unidos aumenta y genera remesas superiores a los 2 mil millones de d\u00f3lares, para dar a sus familias lo que no se da en Veracruz\u201d.<br><br><br><br><br><br><br><br><br><br><br><br><br><br><br><br><br><br><br><br><br><br><br><br><br><br><br><br><br><br><br><br><br><br><br><br><br><br><br><\/p>\n","protected":false},"excerpt":{"rendered":"<p>Es y ser\u00e1 el principal opositor y cr\u00edtico de quienes da\u00f1an al pueblo de Veracruz, se\u00f1al\u00f3 REDACCI\u00d3N\/VOCESVER.COM\/NOTICIAS Xalapa Ver., 21<\/p>\n","protected":false},"author":2,"featured_media":33579,"comment_status":"open","ping_status":"open","sticky":false,"template":"","format":"standard","meta":{"colormag_page_container_layout":"default_layout","colormag_page_sidebar_layout":"default_layout","footnotes":""},"categories":[4],"tags":[],"class_list":["post-33572","post","type-post","status-publish","format-standard","has-post-thumbnail","hentry","category-estatal"],"_links":{"self":[{"href":"http:\/\/vocesver.com\/noticias\/wp-json\/wp\/v2\/posts\/33572","targetHints":{"allow":["GET"]}}],"collection":[{"href":"http:\/\/vocesver.com\/noticias\/wp-json\/wp\/v2\/posts"}],"about":[{"href":"http:\/\/vocesver.com\/noticias\/wp-json\/wp\/v2\/types\/post"}],"author":[{"embeddable":true,"href":"http:\/\/vocesver.com\/noticias\/wp-json\/wp\/v2\/users\/2"}],"replies":[{"embeddable":true,"href":"http:\/\/vocesver.com\/noticias\/wp-json\/wp\/v2\/comments?post=33572"}],"version-history":[{"count":2,"href":"http:\/\/vocesver.com\/noticias\/wp-json\/wp\/v2\/posts\/33572\/revisions"}],"predecessor-version":[{"id":33578,"href":"http:\/\/vocesver.com\/noticias\/wp-json\/wp\/v2\/posts\/33572\/revisions\/33578"}],"wp:featuredmedia":[{"embeddable":true,"href":"http:\/\/vocesver.com\/noticias\/wp-json\/wp\/v2\/media\/33579"}],"wp:attachment":[{"href":"http:\/\/vocesver.com\/noticias\/wp-json\/wp\/v2\/media?parent=33572"}],"wp:term":[{"taxonomy":"category","embeddable":true,"href":"http:\/\/vocesver.com\/noticias\/wp-json\/wp\/v2\/categories?post=33572"},{"taxonomy":"post_tag","embeddable":true,"href":"http:\/\/vocesver.com\/noticias\/wp-json\/wp\/v2\/tags?post=33572"}],"curies":[{"name":"wp","href":"https:\/\/api.w.org\/{rel}","templated":true}]}}