{"id":33570,"date":"2022-02-19T22:22:10","date_gmt":"2022-02-19T22:22:10","guid":{"rendered":"http:\/\/vocesver.com\/noticias\/?p=33570"},"modified":"2022-02-19T22:22:12","modified_gmt":"2022-02-19T22:22:12","slug":"este-sabado-acudio-mucha-gente-a-vacunarse-contra-el-covid-19-en-el-itv","status":"publish","type":"post","link":"http:\/\/vocesver.com\/noticias\/este-sabado-acudio-mucha-gente-a-vacunarse-contra-el-covid-19-en-el-itv\/","title":{"rendered":"ESTE S\u00c1BADO ACUDI\u00d3 MUCHA GENTE A VACUNARSE CONTRA EL COVID-19 EN EL ITV."},"content":{"rendered":"\n<p><br><br><br> REDACCI\u00d3N\/VOCESVER.COM\/NOTICIAS <br> PIE DE FOTO\u2026..Veracruz,Ver.- a  19 de Febrero 2022.- De manera ordenada y a buen ritmo se realiz\u00f3 este s\u00e1bado la vacunaci\u00f3n contra el covid-19 en el Instituto Tecnol\u00f3gico de Veracruz, para las personas de 30 a 40 a\u00f1os. Foto Alejandro MURRIETA.<br><br><br><br><br><br><br><br><br><br><br><br><br><br><br><br><br><br><br><br><br><br><\/p>\n","protected":false},"excerpt":{"rendered":"<p>REDACCI\u00d3N\/VOCESVER.COM\/NOTICIAS PIE DE FOTO\u2026..Veracruz,Ver.- a 19 de Febrero 2022.- De manera ordenada y a buen ritmo se realiz\u00f3 este s\u00e1bado<\/p>\n","protected":false},"author":2,"featured_media":33573,"comment_status":"open","ping_status":"open","sticky":false,"template":"","format":"standard","meta":{"colormag_page_container_layout":"default_layout","colormag_page_sidebar_layout":"default_layout","footnotes":""},"categories":[2],"tags":[],"class_list":["post-33570","post","type-post","status-publish","format-standard","has-post-thumbnail","hentry","category-infogral"],"_links":{"self":[{"href":"http:\/\/vocesver.com\/noticias\/wp-json\/wp\/v2\/posts\/33570","targetHints":{"allow":["GET"]}}],"collection":[{"href":"http:\/\/vocesver.com\/noticias\/wp-json\/wp\/v2\/posts"}],"about":[{"href":"http:\/\/vocesver.com\/noticias\/wp-json\/wp\/v2\/types\/post"}],"author":[{"embeddable":true,"href":"http:\/\/vocesver.com\/noticias\/wp-json\/wp\/v2\/users\/2"}],"replies":[{"embeddable":true,"href":"http:\/\/vocesver.com\/noticias\/wp-json\/wp\/v2\/comments?post=33570"}],"version-history":[{"count":2,"href":"http:\/\/vocesver.com\/noticias\/wp-json\/wp\/v2\/posts\/33570\/revisions"}],"predecessor-version":[{"id":33574,"href":"http:\/\/vocesver.com\/noticias\/wp-json\/wp\/v2\/posts\/33570\/revisions\/33574"}],"wp:featuredmedia":[{"embeddable":true,"href":"http:\/\/vocesver.com\/noticias\/wp-json\/wp\/v2\/media\/33573"}],"wp:attachment":[{"href":"http:\/\/vocesver.com\/noticias\/wp-json\/wp\/v2\/media?parent=33570"}],"wp:term":[{"taxonomy":"category","embeddable":true,"href":"http:\/\/vocesver.com\/noticias\/wp-json\/wp\/v2\/categories?post=33570"},{"taxonomy":"post_tag","embeddable":true,"href":"http:\/\/vocesver.com\/noticias\/wp-json\/wp\/v2\/tags?post=33570"}],"curies":[{"name":"wp","href":"https:\/\/api.w.org\/{rel}","templated":true}]}}