{"id":33562,"date":"2022-02-19T21:56:40","date_gmt":"2022-02-19T21:56:40","guid":{"rendered":"http:\/\/vocesver.com\/noticias\/?p=33562"},"modified":"2022-02-19T21:59:13","modified_gmt":"2022-02-19T21:59:13","slug":"al-banquillo-de-los-acusados-trump-sera-procesado-por-asalto-al-capitolio-de-eu","status":"publish","type":"post","link":"http:\/\/vocesver.com\/noticias\/al-banquillo-de-los-acusados-trump-sera-procesado-por-asalto-al-capitolio-de-eu\/","title":{"rendered":"Al banquillo de los acusados: Trump ser\u00e1 procesado por asalto al Capitolio de EU"},"content":{"rendered":"\n<p>Trump ser\u00e1 procesado por asalto al Capitolio de EU. Foto: AFP<br><br>REDACCI\u00d3N\/VOCESVER.COM7NOTICIAS<br><br>INTERNACIONAL- A 19 DE FEBRERO 2022.- DE ACUERDO CON INFORMACI\u00d3N DE AGENCIAS Y REDACCI\u00d3N\/AFP\/UNOTV&#8230;&#8230;El expresidente de Estados Unidos, Donald Trump, puede ser procesado por su papel en el ataque al Capitolio por parte de un grupo de sus seguidores, decidi\u00f3 un juez, quien decret\u00f3 que el exgobernante republicano no goza de inmunidad presidencial en este caso.<br><br><br>Trump es el blanco de varias demandas por parte de funcionarios electos y de la polic\u00eda que lo acusan de ser responsable directo de la violencia perpetrada por sus seguidores cuando irrumpieron en el Capitolio el 6 de enero de 2021.<br><br>Federal Judge Amit Mehta denied Trump\u2019s motion to dismiss three lawsuits accusing him of inciting the Jan. 6 insurrection. \u201cThe president\u2019s speech plausibly crossed the line into unprotected territory.\u201d https:\/\/t.co\/1LOmpZkvPS<br><br>\u2014 Tim O&#8217;Brien (@TimOBrien) February 18, 2022<br><br>Donald Trump es el blanco de varias demandas por parte de funcionarios electos y de la polic\u00eda que lo acusan de ser responsable directo de la violencia perpetrada por sus seguidores cuando irrumpieron en el Capitolio el pasado 6 de enero de 2021.<br><br>Al respecto, el hijo del magnate, Donald Trump Jr. emiti\u00f3 un mensaje por Twitter:<br><br>\u201cRecuerda cuando te dijeron que todos los l\u00edderes de izquierda eran instituciones solidarias, compasivas y amantes de la libertad y que Donald Trump era el d\u00e9spota totalitario hambriento de poder. \u00bfC\u00f3mo va todo eso?\u201d.<br><br>Remember when they told you that all the leftist leaders were caring, compassionate, freedom loving institutions and Donald Trump was the totalitarian despot hungry for power.<br><br>How\u2019s that all working out?<br><br>\u2014 Donald Trump Jr. (@DonaldJTrumpJr) February 19, 2022<br>Un juez de la ciudad de Washington dictamin\u00f3 el pasado viernes que estas denuncias eran admisibles por considerar que las acciones de Donald Trump ese d\u00eda fueron \u201cactos no oficiales\u201d que \u201cconciernen enteramente a sus esfuerzos por permanecer en el cargo para un segundo mandato\u201d, lo que, seg\u00fan el juez, no entra en el \u00e1mbito de la inmunidad presidencial.<br><br><br>\u201cNegar la inmunidad presidencial a partir de da\u00f1os civiles no es poca cosa. La corte entiende muy bien la gravedad de su decisi\u00f3n\u201d, escribi\u00f3 el juez Amit Mehta en sus recomendaciones de 112 p\u00e1ginas.<br><br>El juez Amit Mehta adem\u00e1s dijo que el discurso de Donald Trump ante miles de sus seguidores reunidos en Washington antes del asalto podr\u00eda \u201crazonablemente\u201d ser percibido como \u201cun llamado a la acci\u00f3n colectiva\u201d.<br><br>TE PUEDE INTERESAR: Tendr\u00e1 que testificar: juez ordena que Donald Trump declare sobre sus pr\u00e1cticas fiscales<br>El rol del expresidente es tambi\u00e9n examinado por un Comit\u00e9 Selecto de la C\u00e1mara de Representantes, que tiene en su poder cientos de p\u00e1ginas con registros, mensajes de texto y testimonios que Donald Trump trat\u00f3 de ocultar, seg\u00fan el jefe de la investigaci\u00f3n.<br><br>El multimillonario republicano ha criticado la investigaci\u00f3n calific\u00e1ndola de \u201ccacer\u00eda de brujas\u201d.<br><br>INF. DE  AGENCIAS Y REDACCI\u00d3N\/AFP\/UNOTV&#8230;&#8230;<br><br><br><br><br><br><br><br><br><br><br><br><br><br><br><br><br><br><br><br><br><br><br><br><br><br><br><br><br><br><br><br><\/p>\n","protected":false},"excerpt":{"rendered":"<p>Trump ser\u00e1 procesado por asalto al Capitolio de EU. Foto: AFP REDACCI\u00d3N\/VOCESVER.COM7NOTICIAS INTERNACIONAL- A 19 DE FEBRERO 2022.- DE ACUERDO<\/p>\n","protected":false},"author":2,"featured_media":33568,"comment_status":"open","ping_status":"open","sticky":false,"template":"","format":"standard","meta":{"colormag_page_container_layout":"default_layout","colormag_page_sidebar_layout":"default_layout","footnotes":""},"categories":[6],"tags":[],"class_list":["post-33562","post","type-post","status-publish","format-standard","has-post-thumbnail","hentry","category-internacional"],"_links":{"self":[{"href":"http:\/\/vocesver.com\/noticias\/wp-json\/wp\/v2\/posts\/33562","targetHints":{"allow":["GET"]}}],"collection":[{"href":"http:\/\/vocesver.com\/noticias\/wp-json\/wp\/v2\/posts"}],"about":[{"href":"http:\/\/vocesver.com\/noticias\/wp-json\/wp\/v2\/types\/post"}],"author":[{"embeddable":true,"href":"http:\/\/vocesver.com\/noticias\/wp-json\/wp\/v2\/users\/2"}],"replies":[{"embeddable":true,"href":"http:\/\/vocesver.com\/noticias\/wp-json\/wp\/v2\/comments?post=33562"}],"version-history":[{"count":2,"href":"http:\/\/vocesver.com\/noticias\/wp-json\/wp\/v2\/posts\/33562\/revisions"}],"predecessor-version":[{"id":33567,"href":"http:\/\/vocesver.com\/noticias\/wp-json\/wp\/v2\/posts\/33562\/revisions\/33567"}],"wp:featuredmedia":[{"embeddable":true,"href":"http:\/\/vocesver.com\/noticias\/wp-json\/wp\/v2\/media\/33568"}],"wp:attachment":[{"href":"http:\/\/vocesver.com\/noticias\/wp-json\/wp\/v2\/media?parent=33562"}],"wp:term":[{"taxonomy":"category","embeddable":true,"href":"http:\/\/vocesver.com\/noticias\/wp-json\/wp\/v2\/categories?post=33562"},{"taxonomy":"post_tag","embeddable":true,"href":"http:\/\/vocesver.com\/noticias\/wp-json\/wp\/v2\/tags?post=33562"}],"curies":[{"name":"wp","href":"https:\/\/api.w.org\/{rel}","templated":true}]}}