{"id":33558,"date":"2022-02-19T21:48:26","date_gmt":"2022-02-19T21:48:26","guid":{"rendered":"http:\/\/vocesver.com\/noticias\/?p=33558"},"modified":"2022-02-19T21:50:15","modified_gmt":"2022-02-19T21:50:15","slug":"se-cumplen-109-anos-del-dia-del-ejercito-mexicano-por-que-se-celebra-cada-19-de-febrero","status":"publish","type":"post","link":"http:\/\/vocesver.com\/noticias\/se-cumplen-109-anos-del-dia-del-ejercito-mexicano-por-que-se-celebra-cada-19-de-febrero\/","title":{"rendered":"Se cumplen 109 a\u00f1os del D\u00eda del Ej\u00e9rcito Mexicano, \u00bfpor qu\u00e9 se celebra cada 19 de febrero?"},"content":{"rendered":"\n<p><br>Este d\u00eda, distintos funcionarios y dependencias han declarado unas palabras a los integrantes del Ej\u00e9rcito. Foto: Cuartoscuro\/Archivo<br><br>REDACCI\u00d3N\/VOCESSVER.COM\/NOTICIAS<br><br><br>NACIONAL.- A 19 DE FEBRERO 2022.-DE ACUERDO CON INFORMACI\u00d3N DE REDACCI\u00d3N\/UNOTV&#8230;&#8230;. El D\u00eda del Ej\u00e9rcito Mexicano se celebra cada 19 de febrero, este s\u00e1bado se conmemoran 109 a\u00f1os, esto debido a que su creaci\u00f3n oficial se remonta a 1913, por lo que este d\u00eda, distintas dependencias y funcionarios han externado sus felicitaciones a las mujeres y hombres que lo conforman.<br><br><br>Hoy conmemoramos el 109 Aniversario del #Ej\u00e9rcitoMexicano, conformado por mujeres y hombres con lealtad inquebrantable a trav\u00e9s de la historia, comprometidos a cumplir las misiones generales de esta fuerza armada con capacidades, organizaci\u00f3n y voluntad en beneficio de M\u00e9xico. pic.twitter.com\/qmxkDf6Zan<br><br>\u2014 Luis Cresencio Sandoval Gonz\u00e1lez (@Luis_C_Sandoval) February 19, 2022<br>Entre los reconocimientos, este a\u00f1o el canciller Marcelo Ebrard resalt\u00f3 la labor de soldados y oficiales, que calific\u00f3 de decisiva en las acciones para enfrentar la pandemia de COVID-19 en nuestro pa\u00eds.<br><br>Felicitaciones al Ej\u00e9rcito Mexicano en el 109 aniversario de su fundaci\u00f3n. Soldados y oficiales fueron decisivos para vencer la pandemia y salvar millones de vidas. Gratitud y reconocimiento siempre a su lealtad y patriotismo. pic.twitter.com\/LD4aKw27CT<br><br>\u2014 Marcelo Ebrard C. (@m_ebrard) February 19, 2022<br><br>Sin embargo, \u00bfPor qu\u00e9 el D\u00eda del Ej\u00e9rcito Mexicano se celebra cada 19 de febrero?, \u00bfcu\u00e1les son las funciones del Ej\u00e9rcito? En UnoTV.com, te contamos un poco de la conmemoraci\u00f3n en el marco de su 109 aniversario.<br><br><br>&#x1f4cc;El D\u00eda del Ej\u00e9rcito Mexicano reconoce a esta instituci\u00f3n que naci\u00f3 en 1913 y que se ha forjado con el valor y patriotismo de quienes la integran, y que no dudan en arriesgar su propia vida para proteger la soberan\u00eda nacional y el bienestar de la poblaci\u00f3n. pic.twitter.com\/P48hIC14q7<br><br>\u2014 Senado de M\u00e9xico (@senadomexicano) February 19, 2022<br>D\u00eda del Ej\u00e9rcito Mexicano, \u00bfpor qu\u00e9 se celebra cada 19 de febrero?<br>Fue en el a\u00f1o 1950, cuando el presidente en ese entonces, Miguel Alem\u00e1n Vald\u00e9s, instruy\u00f3 que el 19 de febrero ser\u00eda reconocido como el D\u00eda del Ej\u00e9rcito Nacional. Sin embargo, cabe destacar que esto tiene como antecedente el asesinato de Francisco I. Madero, en 1913 y la emisi\u00f3n del decreto 1421 por parte del Gobierno de Coahuila.<br><br><br>Este recibir\u00eda el nombre de Ej\u00e9rcito Constitucionalista que, con el paso del tiempo, ser\u00eda conocido como el Ej\u00e9rcito Mexicano.<br><br><br><br>Una vez que se promulg\u00f3 la Constituci\u00f3n de 1917, adopt\u00f3 los nombres de Ej\u00e9rcito Nacional Federal y Permanente y m\u00e1s tarde Ej\u00e9rcito Mexicano<br>Con el decreto n\u00famero 720 de 22 de marzo de 1950, se declar\u00f3 como el \u201cD\u00eda del Ej\u00e9rcito\u201d el 19 de febrero de cada a\u00f1o<br>#Sab\u00edasQue\u2026 el actual #Ej\u00e9rcitoMexicano tuvo diferentes denominaciones a lo largo de la historia.<br><br>Explora las fechas clave que dieron origen al #D\u00edaDelEj\u00e9rcitoMexicano#UnidosSomosLaGranFuerzaDeM\u00e9xico<br>#FebreroMesDel#Ej\u00e9MxyFAMx pic.twitter.com\/dxFDLMTThX<br><br>\u2014 @SEDENAmx (@SEDENAmx) February 19, 2022<br>\u00bfCu\u00e1les son las cinco misiones del Ej\u00e9rcito Mexicano?<br>Actualmente, entre las funciones del Ej\u00e9rcito Mexicano se encarga de defender el territorio del pa\u00eds, as\u00ed como de su soberan\u00eda nacional, de la misma manera, garantiza la seguridad al interior de la Rep\u00fablica y de aplicar el plan DN-III-E en desastres naturales.<br><br>Seg\u00fan la Ley Org\u00e1nica del Ej\u00e9rcito y Fuerza A\u00e9rea Mexicanos, estas instituciones armadas tienen las siguientes misiones generales:<br><br>Defender la integridad, la dependencia y la soberan\u00eda de la naci\u00f3n<br>Garantizar la seguridad al interior<br>Auxiliar a la poblaci\u00f3n civil en casos de necesidades p\u00fablicas<br>Realizar acciones c\u00edvicas y obras sociales que tiendan al progreso del pa\u00eds<br>En caso de desastre prestar ayuda para el mantenimiento del orden, auxilio de las personas y sus bienes y la reconstrucci\u00f3n de las zonas afectadas<br>Estas misiones pueden llevarse a cabo en conjunto con la Armada, as\u00ed como con otras dependencias del Gobierno federal, estatales o municipales.<br>Me honra felicitar a nuestros compa\u00f1eros de armas de la @SEDENAmx, por el CIX Aniversario de la Creaci\u00f3n del Ej\u00e9rcito Mexicano, Instituci\u00f3n formada por mujeres y hombres caracterizados por su lealtad y convicci\u00f3n de servir a M\u00e9xico.<br><br>\u00a1Enhorabuena! pic.twitter.com\/Ph8DyCgMtG<br><br>\u2014 Rafael Ojeda (@AlmiranteSrio) February 19, 2022<br><br><br><br><br>INF. DE REDACCI\u00d3N\/UNOTV&#8230;&#8230;&#8230;<br><br><br><br><br><br><br><br><br><br><br><br><br><br><br><br><br><br><br><br><br><br><br><br><br><br><br><br><br><\/p>\n","protected":false},"excerpt":{"rendered":"<p>Este d\u00eda, distintos funcionarios y dependencias han declarado unas palabras a los integrantes del Ej\u00e9rcito. Foto: Cuartoscuro\/Archivo REDACCI\u00d3N\/VOCESSVER.COM\/NOTICIAS NACIONAL.- A<\/p>\n","protected":false},"author":2,"featured_media":33564,"comment_status":"open","ping_status":"open","sticky":false,"template":"","format":"standard","meta":{"colormag_page_container_layout":"default_layout","colormag_page_sidebar_layout":"default_layout","footnotes":""},"categories":[5],"tags":[],"class_list":["post-33558","post","type-post","status-publish","format-standard","has-post-thumbnail","hentry","category-nacional"],"_links":{"self":[{"href":"http:\/\/vocesver.com\/noticias\/wp-json\/wp\/v2\/posts\/33558","targetHints":{"allow":["GET"]}}],"collection":[{"href":"http:\/\/vocesver.com\/noticias\/wp-json\/wp\/v2\/posts"}],"about":[{"href":"http:\/\/vocesver.com\/noticias\/wp-json\/wp\/v2\/types\/post"}],"author":[{"embeddable":true,"href":"http:\/\/vocesver.com\/noticias\/wp-json\/wp\/v2\/users\/2"}],"replies":[{"embeddable":true,"href":"http:\/\/vocesver.com\/noticias\/wp-json\/wp\/v2\/comments?post=33558"}],"version-history":[{"count":2,"href":"http:\/\/vocesver.com\/noticias\/wp-json\/wp\/v2\/posts\/33558\/revisions"}],"predecessor-version":[{"id":33563,"href":"http:\/\/vocesver.com\/noticias\/wp-json\/wp\/v2\/posts\/33558\/revisions\/33563"}],"wp:featuredmedia":[{"embeddable":true,"href":"http:\/\/vocesver.com\/noticias\/wp-json\/wp\/v2\/media\/33564"}],"wp:attachment":[{"href":"http:\/\/vocesver.com\/noticias\/wp-json\/wp\/v2\/media?parent=33558"}],"wp:term":[{"taxonomy":"category","embeddable":true,"href":"http:\/\/vocesver.com\/noticias\/wp-json\/wp\/v2\/categories?post=33558"},{"taxonomy":"post_tag","embeddable":true,"href":"http:\/\/vocesver.com\/noticias\/wp-json\/wp\/v2\/tags?post=33558"}],"curies":[{"name":"wp","href":"https:\/\/api.w.org\/{rel}","templated":true}]}}