{"id":33554,"date":"2022-02-19T21:36:32","date_gmt":"2022-02-19T21:36:32","guid":{"rendered":"http:\/\/vocesver.com\/noticias\/?p=33554"},"modified":"2022-02-19T22:25:20","modified_gmt":"2022-02-19T22:25:20","slug":"derechohabientes-de-clincia-57-del-imss-se-quejan","status":"publish","type":"post","link":"http:\/\/vocesver.com\/noticias\/derechohabientes-de-clincia-57-del-imss-se-quejan\/","title":{"rendered":"DERECHOHABIENTES DE CLINICA 57 DEL IMSS SE QUEJAN."},"content":{"rendered":"\n<p><br><br><br>REDACCI\u00d3N\/VOCESVER.COM\/NOTICIAS<br><br>Veracruz,Ver.- Derechohabientes de la cl\u00ednica 57 del IMSS Norte de la Ciudad de Veracruz que acudieron este viernes a sus conslutas se quejan de que personal de vigilancia es quien decide quien entra para que lo atiendan los m\u00e9dicos, sin embargo aseguran que carece de criterio para tomar la decisi\u00f3n y eso est\u00e1 provocando inconformidad en estos.Mencionan que la vigilancia es subcontratada por el IMSS Foto Alejandro MURRIETA.-<br><br><br><br><br><br><br><br><br><br><br><br><br><br><br><br><br><br><br><br><br><br><br><br><br><br><br><br><br><br><br><br><br><br><br><br><br><br><br><\/p>\n","protected":false},"excerpt":{"rendered":"<p>REDACCI\u00d3N\/VOCESVER.COM\/NOTICIAS Veracruz,Ver.- Derechohabientes de la cl\u00ednica 57 del IMSS Norte de la Ciudad de Veracruz que acudieron este viernes a<\/p>\n","protected":false},"author":2,"featured_media":33560,"comment_status":"open","ping_status":"open","sticky":false,"template":"","format":"standard","meta":{"colormag_page_container_layout":"default_layout","colormag_page_sidebar_layout":"default_layout","footnotes":""},"categories":[2],"tags":[],"class_list":["post-33554","post","type-post","status-publish","format-standard","has-post-thumbnail","hentry","category-infogral"],"_links":{"self":[{"href":"http:\/\/vocesver.com\/noticias\/wp-json\/wp\/v2\/posts\/33554","targetHints":{"allow":["GET"]}}],"collection":[{"href":"http:\/\/vocesver.com\/noticias\/wp-json\/wp\/v2\/posts"}],"about":[{"href":"http:\/\/vocesver.com\/noticias\/wp-json\/wp\/v2\/types\/post"}],"author":[{"embeddable":true,"href":"http:\/\/vocesver.com\/noticias\/wp-json\/wp\/v2\/users\/2"}],"replies":[{"embeddable":true,"href":"http:\/\/vocesver.com\/noticias\/wp-json\/wp\/v2\/comments?post=33554"}],"version-history":[{"count":3,"href":"http:\/\/vocesver.com\/noticias\/wp-json\/wp\/v2\/posts\/33554\/revisions"}],"predecessor-version":[{"id":33575,"href":"http:\/\/vocesver.com\/noticias\/wp-json\/wp\/v2\/posts\/33554\/revisions\/33575"}],"wp:featuredmedia":[{"embeddable":true,"href":"http:\/\/vocesver.com\/noticias\/wp-json\/wp\/v2\/media\/33560"}],"wp:attachment":[{"href":"http:\/\/vocesver.com\/noticias\/wp-json\/wp\/v2\/media?parent=33554"}],"wp:term":[{"taxonomy":"category","embeddable":true,"href":"http:\/\/vocesver.com\/noticias\/wp-json\/wp\/v2\/categories?post=33554"},{"taxonomy":"post_tag","embeddable":true,"href":"http:\/\/vocesver.com\/noticias\/wp-json\/wp\/v2\/tags?post=33554"}],"curies":[{"name":"wp","href":"https:\/\/api.w.org\/{rel}","templated":true}]}}