{"id":33544,"date":"2022-02-18T21:07:55","date_gmt":"2022-02-18T21:07:55","guid":{"rendered":"http:\/\/vocesver.com\/noticias\/?p=33544"},"modified":"2022-02-18T21:11:03","modified_gmt":"2022-02-18T21:11:03","slug":"el-proximo-mes-abre-sus-puertas-en-veracruz-el-cafe-baluarteempleados","status":"publish","type":"post","link":"http:\/\/vocesver.com\/noticias\/el-proximo-mes-abre-sus-puertas-en-veracruz-el-cafe-baluarteempleados\/","title":{"rendered":"EL PR\u00d3XIMO MES ABRE SUS PUERTAS EN VERACRUZ EL CAF\u00c9 BALUARTE:EMPLEADOS"},"content":{"rendered":"\n<p><br>\u00b0Tras la quiebra del Caf\u00e9 Catedral el lugar estuvo cerrado por muchos meses por la Pandemia.<br>\u00b0Sin embargo ya se prepara su reapetura con el nombre antes mencionado.<br>\u00b0Desde hace varios meses comenzar\u00f3n los preparativos de apertura.<br>AUSENCIO RIVERA\/VOCESVER.COM\/NOTICIAS<br>Veracruz,Ver.- a 8 de Febrero 2022,. Luego de que la pandemia del Covid-19 provocara la quiebra del tradicional Caf\u00e9 Catedral de la Ciudad de Veracruz y dejara sin empleo a un gran n\u00famero de trabajadores ahora \u00e9ste abrir\u00e1 sus puertas el pr\u00f3ximo mes con otro nombre.<br>De acuerdo con empleados del lugar que preparan la reapertura del inmueble, este tradicional caf\u00e9 abrir\u00e1s sus puertas con el nuevo nombre de Caf\u00e9 Baluarte.<br>En el interior se pudo observar mucho movimiento, el lugar luce limpio y reci\u00e9n pintado.<br>Ya hay mesas acomodas en orden con sus respectivas sillas<br>Hasta el momento se desconoce el nombre del nuevo propietario y cuantas nuevas plazas se generar\u00e1n.<br>Se estima  que sean el mismo n\u00famero  con el que funcionaba cuando se llamaba Caf\u00e9 Catedral de Veracruz.<br><br><br><br><br><br><br><br><br><br><br><br><br><br><br><br><br><br><br><br><br><br><br><br><br><br><br><br><br><br><br><br><br><br><br><br><br><br><\/p>\n","protected":false},"excerpt":{"rendered":"<p>\u00b0Tras la quiebra del Caf\u00e9 Catedral el lugar estuvo cerrado por muchos meses por la Pandemia.\u00b0Sin embargo ya se prepara<\/p>\n","protected":false},"author":2,"featured_media":33550,"comment_status":"open","ping_status":"open","sticky":false,"template":"","format":"standard","meta":{"colormag_page_container_layout":"default_layout","colormag_page_sidebar_layout":"default_layout","footnotes":""},"categories":[2],"tags":[],"class_list":["post-33544","post","type-post","status-publish","format-standard","has-post-thumbnail","hentry","category-infogral"],"_links":{"self":[{"href":"http:\/\/vocesver.com\/noticias\/wp-json\/wp\/v2\/posts\/33544","targetHints":{"allow":["GET"]}}],"collection":[{"href":"http:\/\/vocesver.com\/noticias\/wp-json\/wp\/v2\/posts"}],"about":[{"href":"http:\/\/vocesver.com\/noticias\/wp-json\/wp\/v2\/types\/post"}],"author":[{"embeddable":true,"href":"http:\/\/vocesver.com\/noticias\/wp-json\/wp\/v2\/users\/2"}],"replies":[{"embeddable":true,"href":"http:\/\/vocesver.com\/noticias\/wp-json\/wp\/v2\/comments?post=33544"}],"version-history":[{"count":3,"href":"http:\/\/vocesver.com\/noticias\/wp-json\/wp\/v2\/posts\/33544\/revisions"}],"predecessor-version":[{"id":33552,"href":"http:\/\/vocesver.com\/noticias\/wp-json\/wp\/v2\/posts\/33544\/revisions\/33552"}],"wp:featuredmedia":[{"embeddable":true,"href":"http:\/\/vocesver.com\/noticias\/wp-json\/wp\/v2\/media\/33550"}],"wp:attachment":[{"href":"http:\/\/vocesver.com\/noticias\/wp-json\/wp\/v2\/media?parent=33544"}],"wp:term":[{"taxonomy":"category","embeddable":true,"href":"http:\/\/vocesver.com\/noticias\/wp-json\/wp\/v2\/categories?post=33544"},{"taxonomy":"post_tag","embeddable":true,"href":"http:\/\/vocesver.com\/noticias\/wp-json\/wp\/v2\/tags?post=33544"}],"curies":[{"name":"wp","href":"https:\/\/api.w.org\/{rel}","templated":true}]}}