{"id":33530,"date":"2022-02-18T01:34:43","date_gmt":"2022-02-18T01:34:43","guid":{"rendered":"http:\/\/vocesver.com\/noticias\/?p=33530"},"modified":"2022-02-18T01:36:23","modified_gmt":"2022-02-18T01:36:23","slug":"mexico-reporta-470-defunciones-y-21-mil-565-contagios-por-covid-19-en-24-horas","status":"publish","type":"post","link":"http:\/\/vocesver.com\/noticias\/mexico-reporta-470-defunciones-y-21-mil-565-contagios-por-covid-19-en-24-horas\/","title":{"rendered":"M\u00e9xico reporta 470 defunciones y 21 mil 565 contagios por COVID-19 en 24 horas"},"content":{"rendered":"\n<p>La pandemia por COVID-19 en M\u00e9xico ha dejado m\u00e1s de 314 mil 500 defunciones. Foto: Cuartoscuro\/Archivo<br><br><br>REDACCI\u00d3N\/VOCESVER.COM\/NOTICIAS<br><br>NACIONAL.- A 17 DE FEBRERO 2022.-DE ACUERDO CON INFORMACI\u00d3N DE REDACCI\u00d3N\/MELINA OCHOA\/UNOTV&#8230;.. La Secretar\u00eda de Salud (Ssa) federal actualiz\u00f3 el reporte t\u00e9cnico diario sobre el nuevo coronavirus (COVID-19) en M\u00e9xico para este jueves 17 de febrero de 2022: en las \u00faltimas 24 horas, se registraron 470 defunciones y 21 mil 565 contagios, lo que representa una reducci\u00f3n del 46% en casos activos estimados comparados con la semana pasada.<br><br><br>Dichas cifras se suman a las siguientes que ya ha dejado la pandemia por COVID-19 en M\u00e9xico desde el primer caso registrado hacia finales de febrero de 2020.<br><br>5 millones 366 mil 405 casos<br>314 mil 598 defunciones<br>Comunicado T\u00e9cnico Diario #COVID19 | 17 de febrero de 2022<br><br><br>&#x27a1;https:\/\/t.co\/wCTO3KOveg pic.twitter.com\/aSKVIrLxhR<br><br>\u2014 SALUD M\u00e9xico (@SSalud_mx) February 17, 2022<br>Estados con m\u00e1s casos activos<br><br>De acuerdo con el Informe T\u00e9cnico Diario de COVID-19, en el pa\u00eds hay 75 mil 501 casos activos notificados en las \u00faltimas dos semanas y las entidades federativas con m\u00e1s casos activos son:<br><br>Colima<br>Baja California Sur<br>Ciudad de M\u00e9xico<br>Tlaxcala<br>Nayarit<br>Aguascalientes<br>Quer\u00e9taro<br>Campeche<br>Puebla<br>Sonora<br>Dichas cifras e informaci\u00f3n se reporta cuando el sem\u00e1foro de riesgo epid\u00e9mico por COVID-19 coloc\u00f3 a 19 entidades en color naranja, 13 en amarillo y 4 en verde, esto hasta el 20 de febrero.<br><br><br><br><br><br><br>INF. DE REDACCI\u00d3N\/MELINA OCHOA\/UNOTV&#8230;.<br><br><br><br><br><br><br><br><br><br><br><br><br><br><br><br><br><br><br><br><br><br><br><br><br><br><br><br><br><br><br><br><br><br><br><\/p>\n","protected":false},"excerpt":{"rendered":"<p>La pandemia por COVID-19 en M\u00e9xico ha dejado m\u00e1s de 314 mil 500 defunciones. Foto: Cuartoscuro\/Archivo REDACCI\u00d3N\/VOCESVER.COM\/NOTICIAS NACIONAL.- A 17<\/p>\n","protected":false},"author":2,"featured_media":33536,"comment_status":"open","ping_status":"open","sticky":false,"template":"","format":"standard","meta":{"colormag_page_container_layout":"default_layout","colormag_page_sidebar_layout":"default_layout","footnotes":""},"categories":[5],"tags":[],"class_list":["post-33530","post","type-post","status-publish","format-standard","has-post-thumbnail","hentry","category-nacional"],"_links":{"self":[{"href":"http:\/\/vocesver.com\/noticias\/wp-json\/wp\/v2\/posts\/33530","targetHints":{"allow":["GET"]}}],"collection":[{"href":"http:\/\/vocesver.com\/noticias\/wp-json\/wp\/v2\/posts"}],"about":[{"href":"http:\/\/vocesver.com\/noticias\/wp-json\/wp\/v2\/types\/post"}],"author":[{"embeddable":true,"href":"http:\/\/vocesver.com\/noticias\/wp-json\/wp\/v2\/users\/2"}],"replies":[{"embeddable":true,"href":"http:\/\/vocesver.com\/noticias\/wp-json\/wp\/v2\/comments?post=33530"}],"version-history":[{"count":2,"href":"http:\/\/vocesver.com\/noticias\/wp-json\/wp\/v2\/posts\/33530\/revisions"}],"predecessor-version":[{"id":33535,"href":"http:\/\/vocesver.com\/noticias\/wp-json\/wp\/v2\/posts\/33530\/revisions\/33535"}],"wp:featuredmedia":[{"embeddable":true,"href":"http:\/\/vocesver.com\/noticias\/wp-json\/wp\/v2\/media\/33536"}],"wp:attachment":[{"href":"http:\/\/vocesver.com\/noticias\/wp-json\/wp\/v2\/media?parent=33530"}],"wp:term":[{"taxonomy":"category","embeddable":true,"href":"http:\/\/vocesver.com\/noticias\/wp-json\/wp\/v2\/categories?post=33530"},{"taxonomy":"post_tag","embeddable":true,"href":"http:\/\/vocesver.com\/noticias\/wp-json\/wp\/v2\/tags?post=33530"}],"curies":[{"name":"wp","href":"https:\/\/api.w.org\/{rel}","templated":true}]}}