{"id":33525,"date":"2022-02-18T01:20:11","date_gmt":"2022-02-18T01:20:11","guid":{"rendered":"http:\/\/vocesver.com\/noticias\/?p=33525"},"modified":"2022-02-18T20:10:48","modified_gmt":"2022-02-18T20:10:48","slug":"piden-frenar-abusos-y-corruptelas-en-aduanas-del-aicm","status":"publish","type":"post","link":"http:\/\/vocesver.com\/noticias\/piden-frenar-abusos-y-corruptelas-en-aduanas-del-aicm\/","title":{"rendered":"PIDEN FRENAR ABUSOS Y CORRUPTELAS EN ADUANAS DEL AICM"},"content":{"rendered":"\n<p>REDACCI\u00d3N\/VOCESVER.COM\/NOTICIAS<br><br>CDMX. A 17 d Febrero 2022.- Trabajadores del Aeropuerto Internacional de la Ciudad de M\u00e9xico comenzaron una ola de quejas en redes sociales ante presuntos actos indebidos que se estar\u00edan cometiendo en esa terminal a\u00e9rea a ra\u00edz de que personal de la Secretar\u00eda de Marina Armada de M\u00e9xico asumi\u00f3 la responsabilidad de la seguridad del \u00e1rea de aduanas del recinto.<br>De acuerdo con las quejas publicadas en redes sociales como Twitter y facebook, los trabajadores de \u00e1reas operativas cuestionan el actuar de algunos elementos a quienes acusan de ir contra la pol\u00edtica del Presidente de M\u00e9xico Andr\u00e9s Manuel L\u00f3pez Obrador en el sentido de combatir con todo la corrupci\u00f3n y el abuso de poder, cobrando cuotas para el paso libre de mercanc\u00edas ilegales, incluso acus\u00e1ndolos de sustraer algunos cargamentos que deb\u00edan haber sido entregados a autoridades de la Fiscal\u00eda General de la Rep\u00fablica.<br>La queja publicada en Twitter establece que en aras de mantener el control, estar\u00edan comprometiendo la seguridad de la terminal portuaria, al grado de cobrar cuotas por el uso de ciertas \u00e1reas incluso \u2018cobrando\u2019  a los encargados de los recintos neg\u00e1ndoles acceso a las banquetas para sus mercanc\u00edas de no acceder a sus pretensiones econ\u00f3micas.<br>Las acciones estar\u00edan sustentadas en el supuesto apoyo que tiene del personal de la Marina y del \u00e1rea de Inteligencia Militar, por lo que los quejosos estar\u00edan solicitando la intervenci\u00f3n de las autoridades a fin de frenar los abusos y las corruptelas de estos personajes.<br>Incluso acusaron que el pasado 7 de octubre de 2021, se registr\u00f3 un incidente que involucr\u00f3 a presuntos agentes de Interpol que sustrajeron maletas del recinto sin la debida cadena de custodia.<br>Por ello lanzaron el llamado a las autoridades de la Secretar\u00eda de Marina y al propio Presidente de la Rep\u00fablica para que se investigue y proceda en contra de los involucrados a fin de restablecer el orden y la legalidad en el aeropuerto internacional de la Ciudad de M\u00e9xico.<br><br><br><br><br><br><br><br><br><br><br><br><br><br><br><br><br><br><br><br><br><br><br><br><br><br><br><br><br><br><br><br><br><br><br><br><br><br><br><br><br><br><br><\/p>\n","protected":false},"excerpt":{"rendered":"<p>REDACCI\u00d3N\/VOCESVER.COM\/NOTICIAS CDMX. A 17 d Febrero 2022.- Trabajadores del Aeropuerto Internacional de la Ciudad de M\u00e9xico comenzaron una ola de<\/p>\n","protected":false},"author":2,"featured_media":33532,"comment_status":"open","ping_status":"open","sticky":false,"template":"","format":"standard","meta":{"colormag_page_container_layout":"default_layout","colormag_page_sidebar_layout":"default_layout","footnotes":""},"categories":[5],"tags":[],"class_list":["post-33525","post","type-post","status-publish","format-standard","has-post-thumbnail","hentry","category-nacional"],"_links":{"self":[{"href":"http:\/\/vocesver.com\/noticias\/wp-json\/wp\/v2\/posts\/33525","targetHints":{"allow":["GET"]}}],"collection":[{"href":"http:\/\/vocesver.com\/noticias\/wp-json\/wp\/v2\/posts"}],"about":[{"href":"http:\/\/vocesver.com\/noticias\/wp-json\/wp\/v2\/types\/post"}],"author":[{"embeddable":true,"href":"http:\/\/vocesver.com\/noticias\/wp-json\/wp\/v2\/users\/2"}],"replies":[{"embeddable":true,"href":"http:\/\/vocesver.com\/noticias\/wp-json\/wp\/v2\/comments?post=33525"}],"version-history":[{"count":3,"href":"http:\/\/vocesver.com\/noticias\/wp-json\/wp\/v2\/posts\/33525\/revisions"}],"predecessor-version":[{"id":33538,"href":"http:\/\/vocesver.com\/noticias\/wp-json\/wp\/v2\/posts\/33525\/revisions\/33538"}],"wp:featuredmedia":[{"embeddable":true,"href":"http:\/\/vocesver.com\/noticias\/wp-json\/wp\/v2\/media\/33532"}],"wp:attachment":[{"href":"http:\/\/vocesver.com\/noticias\/wp-json\/wp\/v2\/media?parent=33525"}],"wp:term":[{"taxonomy":"category","embeddable":true,"href":"http:\/\/vocesver.com\/noticias\/wp-json\/wp\/v2\/categories?post=33525"},{"taxonomy":"post_tag","embeddable":true,"href":"http:\/\/vocesver.com\/noticias\/wp-json\/wp\/v2\/tags?post=33525"}],"curies":[{"name":"wp","href":"https:\/\/api.w.org\/{rel}","templated":true}]}}