{"id":33457,"date":"2022-02-14T22:24:28","date_gmt":"2022-02-14T22:24:28","guid":{"rendered":"http:\/\/vocesver.com\/noticias\/?p=33457"},"modified":"2022-02-14T22:36:29","modified_gmt":"2022-02-14T22:36:29","slug":"tamseros-temen-perder-prestaciones-economicas-en-esta-revision-salarialenrique-ruiz","status":"publish","type":"post","link":"http:\/\/vocesver.com\/noticias\/tamseros-temen-perder-prestaciones-economicas-en-esta-revision-salarialenrique-ruiz\/","title":{"rendered":"TAMSEROS TEMEN PERDER PRESTACIONES ECON\u00d3MICAS  EN ESTA REVISI\u00d3N SALARIAL:ENRIQUE RUIZ"},"content":{"rendered":"\n<p>\u00b0Se desconoce el monto del incremento que se est\u00e1 pidiendo.<br>\u00b0El 15 o 16 de Marzo ya debe de haber un arreglo con la empresa.<br>\u00b0Asegur\u00f3 que \u00e9l desde su trinchera est\u00e1 haciendo las gestiones correspondientes.<br>AUSENCIO RIVERA\/VOCESVER.COM\/NOTICIAS<br>Veracruz,Ver- a 14 de Febrero 2022.- Al se\u00f1alar que este 15 o 16 de Marzo se vence el plazo para que el Sindicato de Tamsa llegue a un acuerdo con la empresa en su revisi\u00f3n salarial correspondiente a este a\u00f1o,Enrrique Ruiz Saavedra representante del movimiento disidente Libertad con Transparencia Obrera(LTO) pidi\u00f3 a la base trabajadora est\u00e9n tranquilos ya que  todos se ver\u00e1n beneficiados.<br>Tras definirse como el \u00fanico dirigente disidente en este sindicato, el entrevistado explic\u00f3 que \u201ctambi\u00e9n nosotros desde nuestra trinchera hemos hecho las gestiones correspondiente ante la Secretar\u00eda del Trabajo y Previsi\u00f3n Social y, ante nuestra central de trabajadores de M\u00e9xico(CTM),\u00bb para que ning\u00fan de ellos pierda ninguna prestaci\u00f3n.\u00bb<br>Por otro lado inform\u00f3 que la titularidad del contrato colectivo de trabajo de esta empresa sigue en litigio \u201cporque no hay secretario general legalmente constitu\u00eddo para que nos represente\u201d.<br>Por ello el l\u00edder obrero sostuvo que el sindicato sigue ac\u00e9falo, no hay el secretario general, ese que tanto quieren mis compa\u00f1eros, pero seguir\u00e9 luchando desde mi trinchera para que los trabajadores  a trav\u00e9s de una buena relaci\u00f3n que yo les he fomentado sigamos trabajando, sigamos luchando y sigamos sudando la camiseta para producir m\u00e1s y ver\u00e1n que esos resultados que tienen ya ganados se les van  a dar.<br>Sin poder especificar cu\u00e1nto se est\u00e1 pidiendo de aumento salarial, el entrevistado dijo: nosotros estamos abogando desde nuestra trinchera para que mis compa\u00f1eros tengan un buen incremento salarial y buenas prestaciones. <br>Agreg\u00f3 hasta ahora nadie sabe cu\u00e1l es el monto deL incremento que se est\u00e1 pidiendo en esta revisi\u00f3n salarial, situaci\u00f3n que mantiene intranquilos a los trabajadores pues temen perder algunas prestaciones que nosotros por ning\u00fan motivo lo vamos a permitir.<br><br><br><br><br><br><br><br><br><br><br><br><br><br><br><br><br><br><br><br><br><br><br><br><br><br><br><br><br><br><br><\/p>\n","protected":false},"excerpt":{"rendered":"<p>\u00b0Se desconoce el monto del incremento que se est\u00e1 pidiendo.\u00b0El 15 o 16 de Marzo ya debe de haber un<\/p>\n","protected":false},"author":2,"featured_media":33464,"comment_status":"open","ping_status":"open","sticky":false,"template":"","format":"standard","meta":{"colormag_page_container_layout":"default_layout","colormag_page_sidebar_layout":"default_layout","footnotes":""},"categories":[2],"tags":[],"class_list":["post-33457","post","type-post","status-publish","format-standard","has-post-thumbnail","hentry","category-infogral"],"_links":{"self":[{"href":"http:\/\/vocesver.com\/noticias\/wp-json\/wp\/v2\/posts\/33457","targetHints":{"allow":["GET"]}}],"collection":[{"href":"http:\/\/vocesver.com\/noticias\/wp-json\/wp\/v2\/posts"}],"about":[{"href":"http:\/\/vocesver.com\/noticias\/wp-json\/wp\/v2\/types\/post"}],"author":[{"embeddable":true,"href":"http:\/\/vocesver.com\/noticias\/wp-json\/wp\/v2\/users\/2"}],"replies":[{"embeddable":true,"href":"http:\/\/vocesver.com\/noticias\/wp-json\/wp\/v2\/comments?post=33457"}],"version-history":[{"count":3,"href":"http:\/\/vocesver.com\/noticias\/wp-json\/wp\/v2\/posts\/33457\/revisions"}],"predecessor-version":[{"id":33466,"href":"http:\/\/vocesver.com\/noticias\/wp-json\/wp\/v2\/posts\/33457\/revisions\/33466"}],"wp:featuredmedia":[{"embeddable":true,"href":"http:\/\/vocesver.com\/noticias\/wp-json\/wp\/v2\/media\/33464"}],"wp:attachment":[{"href":"http:\/\/vocesver.com\/noticias\/wp-json\/wp\/v2\/media?parent=33457"}],"wp:term":[{"taxonomy":"category","embeddable":true,"href":"http:\/\/vocesver.com\/noticias\/wp-json\/wp\/v2\/categories?post=33457"},{"taxonomy":"post_tag","embeddable":true,"href":"http:\/\/vocesver.com\/noticias\/wp-json\/wp\/v2\/tags?post=33457"}],"curies":[{"name":"wp","href":"https:\/\/api.w.org\/{rel}","templated":true}]}}