{"id":33452,"date":"2022-02-14T21:49:24","date_gmt":"2022-02-14T21:49:24","guid":{"rendered":"http:\/\/vocesver.com\/noticias\/?p=33452"},"modified":"2022-02-14T21:52:44","modified_gmt":"2022-02-14T21:52:44","slug":"sector-pesquero-uno-de-los-mas-afectados-por-el-mal-tiempo","status":"publish","type":"post","link":"http:\/\/vocesver.com\/noticias\/sector-pesquero-uno-de-los-mas-afectados-por-el-mal-tiempo\/","title":{"rendered":"SECTOR PESQUERO UNO DE LOS M\u00c1S AFECTADOS POR EL MAL TIEMPO."},"content":{"rendered":"\n<p><br>REDACCI\u00d3N\/VOCESVER.COM\/NOTICIAS<br><br>Veracruz,Ver.- a 1 de Febrero 2022.- Sin lugar a dudas el sector pesquero es uno de los m\u00e1s afectados por los efectos de los frentes fr\u00edos y nortes. De acuerdo con el dirigente de pescadores Isabel Pastrana afirm\u00f3 que este sector no siente lo duro sino lo tupido de los fen\u00f3menos climatol\u00f3gicos que no los dejan salir a laborar. Es necesario que los tres niveles de gobierno volteen sus ojos hacia este rubro que se encuentra muy abandonado\u2026.. Foto Ausencio RIVERA.<br><br><br><br><br><br><br><br><br><br><br><br><br><br><br><br><br><br><br><br><br><br><br><br><br><br><br><br><br><br><br><br><br><br><\/p>\n","protected":false},"excerpt":{"rendered":"<p>REDACCI\u00d3N\/VOCESVER.COM\/NOTICIAS Veracruz,Ver.- a 1 de Febrero 2022.- Sin lugar a dudas el sector pesquero es uno de los m\u00e1s afectados<\/p>\n","protected":false},"author":2,"featured_media":33460,"comment_status":"open","ping_status":"open","sticky":false,"template":"","format":"standard","meta":{"colormag_page_container_layout":"default_layout","colormag_page_sidebar_layout":"default_layout","footnotes":""},"categories":[2],"tags":[],"class_list":["post-33452","post","type-post","status-publish","format-standard","has-post-thumbnail","hentry","category-infogral"],"_links":{"self":[{"href":"http:\/\/vocesver.com\/noticias\/wp-json\/wp\/v2\/posts\/33452","targetHints":{"allow":["GET"]}}],"collection":[{"href":"http:\/\/vocesver.com\/noticias\/wp-json\/wp\/v2\/posts"}],"about":[{"href":"http:\/\/vocesver.com\/noticias\/wp-json\/wp\/v2\/types\/post"}],"author":[{"embeddable":true,"href":"http:\/\/vocesver.com\/noticias\/wp-json\/wp\/v2\/users\/2"}],"replies":[{"embeddable":true,"href":"http:\/\/vocesver.com\/noticias\/wp-json\/wp\/v2\/comments?post=33452"}],"version-history":[{"count":2,"href":"http:\/\/vocesver.com\/noticias\/wp-json\/wp\/v2\/posts\/33452\/revisions"}],"predecessor-version":[{"id":33458,"href":"http:\/\/vocesver.com\/noticias\/wp-json\/wp\/v2\/posts\/33452\/revisions\/33458"}],"wp:featuredmedia":[{"embeddable":true,"href":"http:\/\/vocesver.com\/noticias\/wp-json\/wp\/v2\/media\/33460"}],"wp:attachment":[{"href":"http:\/\/vocesver.com\/noticias\/wp-json\/wp\/v2\/media?parent=33452"}],"wp:term":[{"taxonomy":"category","embeddable":true,"href":"http:\/\/vocesver.com\/noticias\/wp-json\/wp\/v2\/categories?post=33452"},{"taxonomy":"post_tag","embeddable":true,"href":"http:\/\/vocesver.com\/noticias\/wp-json\/wp\/v2\/tags?post=33452"}],"curies":[{"name":"wp","href":"https:\/\/api.w.org\/{rel}","templated":true}]}}