{"id":33448,"date":"2022-02-14T21:35:39","date_gmt":"2022-02-14T21:35:39","guid":{"rendered":"http:\/\/vocesver.com\/noticias\/?p=33448"},"modified":"2022-02-14T21:38:26","modified_gmt":"2022-02-14T21:38:26","slug":"edificios-ruinosos-convertidos-en-selvas-tropicales-en-veracruz","status":"publish","type":"post","link":"http:\/\/vocesver.com\/noticias\/edificios-ruinosos-convertidos-en-selvas-tropicales-en-veracruz\/","title":{"rendered":"EDIFICIOS RUINOSOS CONVERTIDOS EN SELVAS TROPICALES EN VERACRUZ."},"content":{"rendered":"\n<p><br>REDACCI\u00d3N\/VOCESVER.COM\/NOTICIAS<br><br>Veracruz,Ver.- a 14 de Febrero 2022.- Debido al abandono edificio ruinosos del primer cuadro de la Ciudad de Veracruz adem\u00e1s de econtrarse muy deteriorados por el paso del tiempo, un gran n\u00famero de ellos est\u00e1n convertido en selvas tropicales ante la indiferencias de sus propietarios y autoridades municipales. Foto Alejandro MURRIETA.<br><br><br><br><br><br><br><br><br><br><br><br><br><br><br><br><br><br><br><br><br><br><br><br><\/p>\n","protected":false},"excerpt":{"rendered":"<p>REDACCI\u00d3N\/VOCESVER.COM\/NOTICIAS Veracruz,Ver.- a 14 de Febrero 2022.- Debido al abandono edificio ruinosos del primer cuadro de la Ciudad de Veracruz<\/p>\n","protected":false},"author":2,"featured_media":33455,"comment_status":"open","ping_status":"open","sticky":false,"template":"","format":"standard","meta":{"colormag_page_container_layout":"default_layout","colormag_page_sidebar_layout":"default_layout","footnotes":""},"categories":[2],"tags":[],"class_list":["post-33448","post","type-post","status-publish","format-standard","has-post-thumbnail","hentry","category-infogral"],"_links":{"self":[{"href":"http:\/\/vocesver.com\/noticias\/wp-json\/wp\/v2\/posts\/33448","targetHints":{"allow":["GET"]}}],"collection":[{"href":"http:\/\/vocesver.com\/noticias\/wp-json\/wp\/v2\/posts"}],"about":[{"href":"http:\/\/vocesver.com\/noticias\/wp-json\/wp\/v2\/types\/post"}],"author":[{"embeddable":true,"href":"http:\/\/vocesver.com\/noticias\/wp-json\/wp\/v2\/users\/2"}],"replies":[{"embeddable":true,"href":"http:\/\/vocesver.com\/noticias\/wp-json\/wp\/v2\/comments?post=33448"}],"version-history":[{"count":3,"href":"http:\/\/vocesver.com\/noticias\/wp-json\/wp\/v2\/posts\/33448\/revisions"}],"predecessor-version":[{"id":33454,"href":"http:\/\/vocesver.com\/noticias\/wp-json\/wp\/v2\/posts\/33448\/revisions\/33454"}],"wp:featuredmedia":[{"embeddable":true,"href":"http:\/\/vocesver.com\/noticias\/wp-json\/wp\/v2\/media\/33455"}],"wp:attachment":[{"href":"http:\/\/vocesver.com\/noticias\/wp-json\/wp\/v2\/media?parent=33448"}],"wp:term":[{"taxonomy":"category","embeddable":true,"href":"http:\/\/vocesver.com\/noticias\/wp-json\/wp\/v2\/categories?post=33448"},{"taxonomy":"post_tag","embeddable":true,"href":"http:\/\/vocesver.com\/noticias\/wp-json\/wp\/v2\/tags?post=33448"}],"curies":[{"name":"wp","href":"https:\/\/api.w.org\/{rel}","templated":true}]}}