{"id":33444,"date":"2022-02-14T21:24:55","date_gmt":"2022-02-14T21:24:55","guid":{"rendered":"http:\/\/vocesver.com\/noticias\/?p=33444"},"modified":"2022-02-14T21:24:56","modified_gmt":"2022-02-14T21:24:56","slug":"hasta-el-30-de-abril-contribuyentes-podran-facturar-con-version-de-2021-sat","status":"publish","type":"post","link":"http:\/\/vocesver.com\/noticias\/hasta-el-30-de-abril-contribuyentes-podran-facturar-con-version-de-2021-sat\/","title":{"rendered":"Hasta el 30 de abril, contribuyentes podr\u00e1n facturar con versi\u00f3n de 2021: SAT"},"content":{"rendered":"\n<p><br>El SAT inform\u00f3 que realiz\u00f3 una actualizaci\u00f3n a la factura electr\u00f3nica. Foto: Getty Images \/ Ilustrativa<br><br><br>REDACCI\u00d3N\/VOCESVER.COM\/NOTICIAS<br><br>NACIONAL.-(NEGOCIOS).-A 14 DE FEBRERO 202.- DE ACUERDO CON INFORMACI\u00d3N DE  REDACCI\u00d3N\/AGENCIAS&#8230;&#8230; El Servicio de Administraci\u00f3n Tributaria (SAT) dio a conocer que, hasta el 30 de abril, los contribuyentes podr\u00e1n facturar con el sistema de facturaci\u00f3n electr\u00f3nica que utilizaron en 2021.<br><br><br>\u201cCon el prop\u00f3sito de mejorar los servicios y otorgar facilidades para el cumplimiento de las obligaciones fiscales a contribuyentes p\u00fablicos y privados, el SAT otorg\u00f3 un periodo de transici\u00f3n hasta el 30 de abril para utilizar ambas versiones de facturaci\u00f3n con el objetivo de adaptarse a las nuevas necesidades para la emisi\u00f3n de facturas o recibos de n\u00f3mina\u201d.<br><br>SAT.<br>#ComunicadoSAT<br><br>El SAT otorga periodo de convivencia hasta el 30 de abril para facturar con el sistema que utilizaba en 2021 o con el de 2022, con el fin de que el contribuyente se adapte al nuevo sistema de facturas y recibos de n\u00f3mina.<br><br><br>&#x1f449;https:\/\/t.co\/rtwO3rKBCQ pic.twitter.com\/3DCbNOwdEH<br><br>\u2014 SATMX (@SATMX) February 13, 2022<br>\u00bfQu\u00e9 cambios hay con el sistema de facturaci\u00f3n de 2022?<br>A trav\u00e9s de un comunicado, el SAT inform\u00f3 que realiz\u00f3 una actualizaci\u00f3n a la factura electr\u00f3nica, la cual pas\u00f3 de la versi\u00f3n 3.3 a la 4.0.<br><br><br>En la versi\u00f3n m\u00e1s reciente los cambios m\u00e1s importantes son la obligatoriedad del nombre y domicilio fiscal tanto del emisor como del receptor. Tambi\u00e9n, en el caso de los recibos de n\u00f3mina, los trabajadores deber\u00e1n proporcionar a su empleador su Registro Federal de Contribuyentes (RFC), nombre completo, as\u00ed como el C\u00f3digo Postal de su domicilio fiscal registrados ante el SAT.<br><br>El SAT indic\u00f3 que, en el caso de los recibos de n\u00f3mina, los trabajadores pueden consultar sus datos fiscales en lo que com\u00fanmente se conoce como Constancias de RFC (Constancia de Situaci\u00f3n Fiscal o C\u00e9dula de Identificaci\u00f3n Fiscal). \u00c9stas pueden ser tramitadas con contrase\u00f1a o e.firma (firma electr\u00f3nica).<br><br><br>\u00bfC\u00f3mo obtener la Constancia de Situaci\u00f3n Fiscal?<br>Para realizar dicho tr\u00e1mite, el SAT solicita a los contribuyentes descargar la aplicaci\u00f3n SAT-ID en su dispositivo m\u00f3vil o ingresar a la p\u00e1gina web: https:\/\/satid.sat.gob.mx\/<br><br><br>Para obtenerla, el SAT dio a conocer una serie de requisitos que se muestran a continuaci\u00f3n:<br><br>Ingresar su RFC, correo electr\u00f3nico personal y su n\u00famero de tel\u00e9fono m\u00f3vil (opcional)<br>Adjuntar o capturar la foto de su identificaci\u00f3n oficial vigente con fotograf\u00eda, por ambos lados<br>Grabar un video pronunciando la frase que la aplicaci\u00f3n indique y asegurarse que el video sea claro y la frase se escuche correctamente<br>Firmar de manera aut\u00f3grafa la solicitud de env\u00edo de constancia<br>Conservar la solicitud firmada con el n\u00famero de folio asignado; una vez que el tr\u00e1mite sea revisado, las y los usuarios recibir\u00e1n una respuesta en un m\u00e1ximo de cinco d\u00edas h\u00e1biles posteriores a su solicitud<br>Cabe mencionar que para cualquier duda o aclaraci\u00f3n, el SAT pone a disposici\u00f3n de los contribuyentes MARCASAT (55 627 22 728).<br><br><br><br>INF. DE REDACCI\u00d3N\/AGENCIAS<br><br><br><br><br><br><br><br><br><br><br><br><br><br><br><br><br><br><br><br><br><br><br><br><br><br><br><br><br><br><br><\/p>\n","protected":false},"excerpt":{"rendered":"<p>El SAT inform\u00f3 que realiz\u00f3 una actualizaci\u00f3n a la factura electr\u00f3nica. Foto: Getty Images \/ Ilustrativa REDACCI\u00d3N\/VOCESVER.COM\/NOTICIAS NACIONAL.-(NEGOCIOS).-A 14 DE<\/p>\n","protected":false},"author":2,"featured_media":33449,"comment_status":"open","ping_status":"open","sticky":false,"template":"","format":"standard","meta":{"colormag_page_container_layout":"default_layout","colormag_page_sidebar_layout":"default_layout","footnotes":""},"categories":[5],"tags":[],"class_list":["post-33444","post","type-post","status-publish","format-standard","has-post-thumbnail","hentry","category-nacional"],"_links":{"self":[{"href":"http:\/\/vocesver.com\/noticias\/wp-json\/wp\/v2\/posts\/33444","targetHints":{"allow":["GET"]}}],"collection":[{"href":"http:\/\/vocesver.com\/noticias\/wp-json\/wp\/v2\/posts"}],"about":[{"href":"http:\/\/vocesver.com\/noticias\/wp-json\/wp\/v2\/types\/post"}],"author":[{"embeddable":true,"href":"http:\/\/vocesver.com\/noticias\/wp-json\/wp\/v2\/users\/2"}],"replies":[{"embeddable":true,"href":"http:\/\/vocesver.com\/noticias\/wp-json\/wp\/v2\/comments?post=33444"}],"version-history":[{"count":2,"href":"http:\/\/vocesver.com\/noticias\/wp-json\/wp\/v2\/posts\/33444\/revisions"}],"predecessor-version":[{"id":33450,"href":"http:\/\/vocesver.com\/noticias\/wp-json\/wp\/v2\/posts\/33444\/revisions\/33450"}],"wp:featuredmedia":[{"embeddable":true,"href":"http:\/\/vocesver.com\/noticias\/wp-json\/wp\/v2\/media\/33449"}],"wp:attachment":[{"href":"http:\/\/vocesver.com\/noticias\/wp-json\/wp\/v2\/media?parent=33444"}],"wp:term":[{"taxonomy":"category","embeddable":true,"href":"http:\/\/vocesver.com\/noticias\/wp-json\/wp\/v2\/categories?post=33444"},{"taxonomy":"post_tag","embeddable":true,"href":"http:\/\/vocesver.com\/noticias\/wp-json\/wp\/v2\/tags?post=33444"}],"curies":[{"name":"wp","href":"https:\/\/api.w.org\/{rel}","templated":true}]}}