{"id":33432,"date":"2022-02-14T21:07:30","date_gmt":"2022-02-14T21:07:30","guid":{"rendered":"http:\/\/vocesver.com\/noticias\/?p=33432"},"modified":"2022-02-14T21:08:48","modified_gmt":"2022-02-14T21:08:48","slug":"dia-internacional-de-la-epilepsia-issste-pide-no-discriminar-a-los-pacientes-que-la-presentan","status":"publish","type":"post","link":"http:\/\/vocesver.com\/noticias\/dia-internacional-de-la-epilepsia-issste-pide-no-discriminar-a-los-pacientes-que-la-presentan\/","title":{"rendered":"D\u00eda Internacional de la Epilepsia; ISSSTE pide no discriminar a los pacientes que la presentan"},"content":{"rendered":"\n<p><br><br><br>La OMS indica que la epilepsia se presenta en 50 millones de personas en el mundo. FOTO: Getty Images | Ilustrativa<br><br><br><br>REDACCI\u00d3N\/VOCESVER.COM<br><br>NACIONAL..- A 1 DE Febrero 2022- DE ACUERDO CON INFORMACI\u00d3N DE  REDACCI\u00d3N\/UNOTV&#8230;&#8230;El D\u00eda Internacional de la Epilepsia cae este a\u00f1o en 14 de febrero, ante el marco de este d\u00eda el ISSSTE pide a la poblaci\u00f3n erradicar la estigmatizaci\u00f3n y discriminaci\u00f3n de pacientes con la enfermedad.<br><br><br>Desde el 2015, se lleva a cabo la celebraci\u00f3n de este d\u00eda con el fin de concientizar a la poblaci\u00f3n impulsado por organizaciones como el Bur\u00f3 Internacional para la Epilepsia (IBE) alrededor de 120 pa\u00edses del mundo.<br><br><br>La epilepsia es una enfermedad cerebral cr\u00f3nica no transmisible, actualmente el principal motivo de consulta en los servicios de neurolog\u00eda del Instituto de Seguridad y Servicios Sociales de los Trabajadores del Estado (ISSSTE).<br><br>El instituto recalca que la epilepsia tiene altas probabilidades de control mediante un medicamento farmacol\u00f3gico, pero lamentablemente, la estigmatizaci\u00f3n hacia los pacientes causa da\u00f1o psicol\u00f3gico que afecta a su integraci\u00f3n social, indic\u00f3 el director general Pedro Zenteno Santaella.<br><br><br>Por su parte, Lilia N\u00fa\u00f1ez Orozco, jefa del Servicio de Neurolog\u00eda del Centro M\u00e9dico Nacional 20 de Noviembre, afirm\u00f3 que en la actualidad existen prejuicios sociales que asocial a la epilepsia con retraso mental o conductas peligrosas.<br><br><br>Resalta que un m\u00ednimo de los pacientes con epilepsia desarrolla complicaciones cognitivas y psiqui\u00e1tricas importantes.<br><br>\u201cLa discapacidad m\u00e1s grave que afecta a quienes viven con epilepsia es la psicosocial, debido a que la sociedad les limita porque piensan que son incapaces, lo cual es falso; desafortunadamente, algunos pacientes terminan por creer que no pueden hacer una vida normal\u201d.<br><br>Lilia N\u00fa\u00f1ez Orozco, jefa del Servicio de Neurolog\u00eda del Centro M\u00e9dico Nacional \u201c20 de Noviembre\u201d<br>De acuerdo con informaci\u00f3n de la Organizaci\u00f3n Mundial de la Salud (OMS), la epilepsia se presenta en 50 millones de personas en el mundo.<br><br><br>En un comunicado, el ISSSTE informa que la epilepsia puede ser tratada para que las personas que la tienen se controlen y puedan tener una vida normal.<br><br>\u201cQueremos concientizar a la gente de que la persona con epilepsia es como cualquier otra y no se le deben negar las oportunidades porque no hay raz\u00f3n para ello\u201d.<br><br>Lilia N\u00fa\u00f1ez Orozco, jefa del Servicio de Neurolog\u00eda del Centro M\u00e9dico Nacional \u201c20 de Noviembre\u201d<br>\u00bfQu\u00e9 es la epilepsia?<br>En palabras simples, se explica que la epilepsia es un desarreglo el\u00e9ctrico en el cerebro; por lo tanto, es una enfermedad f\u00edsica.<br><br>Provoca una especie de corto circuito espont\u00e1neo que da lugar a crisis epil\u00e9pticas con diversos s\u00edntomas, desde leves y sutiles hasta graves y aparatosos.<br><br>Las crisis se presentan peri\u00f3dicamente y de forma impredecible, ocasionan un fen\u00f3meno brusco al inicio, con una duraci\u00f3n muy corta.<br><br>Depende de la zona del cerebro donde se produzca son los tipos de crisis o s\u00edntomas que presenta el paciente.<br><br><br>La especialista indica que se pueden afectar las zonas motoras y producir convulsiones, ca\u00eddas, sacudidas en algunas partes del cuerpo o reflejos aut\u00f3matas como movimientos sin un objetivo.<br><br>En otras ocasiones, las descargas afectan zonas sensitivas y las crisis son m\u00e1s sutiles, se presentan en forma de olores, colores, sensaciones, breves instantes de ausencia; cuando la crisis afecta la parte cerebral de la memoria, se presenta un fen\u00f3meno que algunas personas denominan dej\u00e1 vu, es decir, hay quienes tienen la sensaci\u00f3n de que han vivido ya una experiencia con anterioridad.<br><br>La crisis m\u00e1s conocida en la epilepsia<br>El ataque generalizado t\u00f3nico cl\u00f3nico que es una convulsi\u00f3n que compromete el cuerpo, es la crisis que m\u00e1s se conoce, sin embargo, no todas las personas con esta enfermedad presentan este ataque.<br><br>Lilia N\u00fa\u00f1ez Orozco menciona que se le llama epilepsia cuando las crisis se presentan en varias ocasiones en una persona.<br><br>\u00bfQu\u00e9 causa la epilepsia?<br>Diversos factores pueden causarla como:<br><br>Puede ser gen\u00e9tica<br>Por malformaciones del desarrollo del cerebro que suceden durante la gestaci\u00f3n<br>Por secuelas de infecciones padecidas en edades tempranas<br>Debido a golpes en la cabeza que dejan lesiones con cicatrices<br>Adem\u00e1s, hay un grupo de epilepsias con causas desconocidas hasta el momento<br>El ISSSTE recuerda que en la mayor parte de los casos la epilepsia se puede controlar con el tratamiento adecuado que modifica la funcionalidad de las neuronas y frena las descargas el\u00e9ctricas anormales.<br><br><br><br>INF. DE REDACCI\u00d3N\/UNOTV&#8230;&#8230;.<br><br><br><br><br><br><br><br><br><br><br><br><br><br><br><br><br><br><br><br><br><br><br><br><br><br><br><br><br><br><br><br><br><br><\/p>\n","protected":false},"excerpt":{"rendered":"<p>La OMS indica que la epilepsia se presenta en 50 millones de personas en el mundo. FOTO: Getty Images |<\/p>\n","protected":false},"author":2,"featured_media":33446,"comment_status":"open","ping_status":"open","sticky":false,"template":"","format":"standard","meta":{"colormag_page_container_layout":"default_layout","colormag_page_sidebar_layout":"default_layout","footnotes":""},"categories":[5],"tags":[],"class_list":["post-33432","post","type-post","status-publish","format-standard","has-post-thumbnail","hentry","category-nacional"],"_links":{"self":[{"href":"http:\/\/vocesver.com\/noticias\/wp-json\/wp\/v2\/posts\/33432","targetHints":{"allow":["GET"]}}],"collection":[{"href":"http:\/\/vocesver.com\/noticias\/wp-json\/wp\/v2\/posts"}],"about":[{"href":"http:\/\/vocesver.com\/noticias\/wp-json\/wp\/v2\/types\/post"}],"author":[{"embeddable":true,"href":"http:\/\/vocesver.com\/noticias\/wp-json\/wp\/v2\/users\/2"}],"replies":[{"embeddable":true,"href":"http:\/\/vocesver.com\/noticias\/wp-json\/wp\/v2\/comments?post=33432"}],"version-history":[{"count":2,"href":"http:\/\/vocesver.com\/noticias\/wp-json\/wp\/v2\/posts\/33432\/revisions"}],"predecessor-version":[{"id":33445,"href":"http:\/\/vocesver.com\/noticias\/wp-json\/wp\/v2\/posts\/33432\/revisions\/33445"}],"wp:featuredmedia":[{"embeddable":true,"href":"http:\/\/vocesver.com\/noticias\/wp-json\/wp\/v2\/media\/33446"}],"wp:attachment":[{"href":"http:\/\/vocesver.com\/noticias\/wp-json\/wp\/v2\/media?parent=33432"}],"wp:term":[{"taxonomy":"category","embeddable":true,"href":"http:\/\/vocesver.com\/noticias\/wp-json\/wp\/v2\/categories?post=33432"},{"taxonomy":"post_tag","embeddable":true,"href":"http:\/\/vocesver.com\/noticias\/wp-json\/wp\/v2\/tags?post=33432"}],"curies":[{"name":"wp","href":"https:\/\/api.w.org\/{rel}","templated":true}]}}