{"id":33428,"date":"2022-02-13T00:09:52","date_gmt":"2022-02-13T00:09:52","guid":{"rendered":"http:\/\/vocesver.com\/noticias\/?p=33428"},"modified":"2022-02-13T00:23:19","modified_gmt":"2022-02-13T00:23:19","slug":"eligen-al-nuevo-consejo-directivo-de-la-barra-de-abogados-de-la-ciudad-de-veracruz","status":"publish","type":"post","link":"http:\/\/vocesver.com\/noticias\/eligen-al-nuevo-consejo-directivo-de-la-barra-de-abogados-de-la-ciudad-de-veracruz\/","title":{"rendered":"ELIGEN AL NUEVO CONSEJO DIRECTIVO DE LA BARRA  DE ABOGADOS DE LA CIUDAD DE VERACRUZ."},"content":{"rendered":"\n<p>La Mtra.Mar\u00eda del Carmen Narv\u00e1ez Zamudio es la nueva presidenta de dicho consejo.<br>\u00b0La Asamblea tuvo cono sede el Hotel Hilton y tuvo  como testigo al Mtro. Gilberto Far\u00edas Morales presidente de CNAP.<br>\u00b0La protesta protocolaria corri\u00f3  a cargo del licenciado Mario Alberto L\u00f3pez de Escalera coordinador nacional de delegaciones del mencionado colegio.<br>AUSENCIO RIVERA\/VOCESVER.COM\/NOTICIAS<br>Veracruz,Ver.- A 12 de Febrero 2022.-Con la presencia del Doctor Gilberto Far\u00edas Morales presidente del Colegio Nacional de Abogados Penalistas AC, \u00e9ste s\u00e1bado se llev\u00f3 a cabo la Asamblea mediante la cual se eligi\u00f3 al nuevo Consejo Directivo de la Barra de Abogados de la Ciudad de Veracruz A.C.<br>La reuni\u00f3n tuvo como sede el Hotel Hilton ubicado en el Bulevar Manuel Avila Camacho del Fraccionamiento Costa de Oro.<br>El nuevo consejo qued\u00f3 conformado de la siguiente manera:<br>Presidenta:Mtra.Mar\u00eda del Carmen Narv\u00e1ez Zamudio,<br>Vicepresidente:Mtro. Edilberto Rend\u00f3n D\u00edaz.<br>Secretario General:Licenciado Francisco Garc\u00eda Espinosa.<br>Tesorero:Mtro.Oscar Augusto Garc\u00eda Toral.<br>Secretario de Acuerdos:Licenciado H\u00e9ctor Gonz\u00e1lez Dom\u00ednguez.<br><br>La protesta protocolaria estuvo a cargo del Mtro. Mario Alberto L\u00f3pez de Escalera Coordinador Nacional de Delegaciones del Colegio Nacional de Abogados Penalistas A.C y estuvo como testigo del acto el Mtro. Gilberto Far\u00edas Morales presidente del Colegio Nacional de Abogados Penalistas  A.C.<\/p>\n\n\n\n<p>En la reuni\u00f3n estuvo presente el presidente saliente de  este organismo de profesionales del derecho el  licenciado Sergio L\u00f3pez Ram\u00edrez quien a decir de sus compa\u00f1eros realiz\u00f3 un gran papel al frente del Consejo Directivo de la Barra de  Abogados de la Ciudad de Veracruz A.C.<br><br><br><br><br><br><br><br><br><br><br><br><br><br><br><br><br><br><br><br><br><br><br><br><br><br><br><br><br><br><br><br><br><br><br><br><\/p>\n","protected":false},"excerpt":{"rendered":"<p>La Mtra.Mar\u00eda del Carmen Narv\u00e1ez Zamudio es la nueva presidenta de dicho consejo.\u00b0La Asamblea tuvo cono sede el Hotel Hilton<\/p>\n","protected":false},"author":2,"featured_media":33439,"comment_status":"open","ping_status":"open","sticky":false,"template":"","format":"standard","meta":{"colormag_page_container_layout":"default_layout","colormag_page_sidebar_layout":"default_layout","footnotes":""},"categories":[2],"tags":[],"class_list":["post-33428","post","type-post","status-publish","format-standard","has-post-thumbnail","hentry","category-infogral"],"_links":{"self":[{"href":"http:\/\/vocesver.com\/noticias\/wp-json\/wp\/v2\/posts\/33428","targetHints":{"allow":["GET"]}}],"collection":[{"href":"http:\/\/vocesver.com\/noticias\/wp-json\/wp\/v2\/posts"}],"about":[{"href":"http:\/\/vocesver.com\/noticias\/wp-json\/wp\/v2\/types\/post"}],"author":[{"embeddable":true,"href":"http:\/\/vocesver.com\/noticias\/wp-json\/wp\/v2\/users\/2"}],"replies":[{"embeddable":true,"href":"http:\/\/vocesver.com\/noticias\/wp-json\/wp\/v2\/comments?post=33428"}],"version-history":[{"count":7,"href":"http:\/\/vocesver.com\/noticias\/wp-json\/wp\/v2\/posts\/33428\/revisions"}],"predecessor-version":[{"id":33442,"href":"http:\/\/vocesver.com\/noticias\/wp-json\/wp\/v2\/posts\/33428\/revisions\/33442"}],"wp:featuredmedia":[{"embeddable":true,"href":"http:\/\/vocesver.com\/noticias\/wp-json\/wp\/v2\/media\/33439"}],"wp:attachment":[{"href":"http:\/\/vocesver.com\/noticias\/wp-json\/wp\/v2\/media?parent=33428"}],"wp:term":[{"taxonomy":"category","embeddable":true,"href":"http:\/\/vocesver.com\/noticias\/wp-json\/wp\/v2\/categories?post=33428"},{"taxonomy":"post_tag","embeddable":true,"href":"http:\/\/vocesver.com\/noticias\/wp-json\/wp\/v2\/tags?post=33428"}],"curies":[{"name":"wp","href":"https:\/\/api.w.org\/{rel}","templated":true}]}}