{"id":33424,"date":"2022-02-12T22:12:37","date_gmt":"2022-02-12T22:12:37","guid":{"rendered":"http:\/\/vocesver.com\/noticias\/?p=33424"},"modified":"2022-02-12T22:15:37","modified_gmt":"2022-02-12T22:15:37","slug":"eu-ordena-retirar-a-casi-todos-los-soldados-que-mantenia-en-ucrania","status":"publish","type":"post","link":"http:\/\/vocesver.com\/noticias\/eu-ordena-retirar-a-casi-todos-los-soldados-que-mantenia-en-ucrania\/","title":{"rendered":"EU ordena retirar a casi todos los soldados que manten\u00eda en Ucrania"},"content":{"rendered":"\n<p><br>Estados Unidos traslad\u00f3 a 160 soldados de la Guardia Nacional de Florida que se encontraban en Ucrania. Foto: AFP<br><br><br>REDACCI\u00d3N\/VOCESVER.COM\/NOTICIAS<br><br>INTERNACIONAL.- A 12 DE  FEBRERO 2022.-DE ACUERDO CON INFORMACI\u00d3N DE AGENCIAS\/AFP&#8230;. Estados Unidos (EU) anunci\u00f3 la retirada \u201cpor precauci\u00f3n\u201d de casi todos los soldados que tienen desplegados en Ucrania para \u201creposicionarlos en otros lugares de Europa\u201d, anunci\u00f3 este s\u00e1bado 12 de febrero el portavoz del Pent\u00e1gono, John Kirby.<br><br><br>El secretario de Defensa de EU, Lloyd Austin, tuvo que trasladar a 160 soldados de la Guardia Nacional de Florida que se encontraban en Ucrania donde \u201d asesoraban y entrenaban a las fuerzas ucranianas\u201d, dijo el comunicado, en momentos en que Washington habla de la posibilidad inminente de una invasi\u00f3n rusa de Ucrania.<br><br><br>\u201cEste reposicionamiento no constituye un cambio en nuestra determinaci\u00f3n de apoyar a las fuerzas ucranianas, pero brindar\u00e1 flexibilidad para tranquilizar a nuestros aliados y evitar cualquier agresi\u00f3n\u201d, John Kirby.<br><br>Desde 2015, los reservistas de la Guardia Nacional estadounidense se han estado rotando para entrenar al ej\u00e9rcito ucraniano junto con soldados de otros pa\u00edses de la OTAN, en particular canadienses y alemanes.<br><br><br>Previamente este s\u00e1bado la embajada de Estados Unidos en Kiev pidi\u00f3 la salida de su personal no esencial, al igual que varios pa\u00edses europeos tambi\u00e9n han recomendado a sus ciudadanos que abandonen Ucrania.<br><br><br>El secretario de Estado estadounidense, Antony Blinken, dijo el s\u00e1bado durante una llamada a su hom\u00f3logo ruso, Sergu\u00e9i Lavrov, que la v\u00eda diplom\u00e1tica segu\u00eda \u201cabierta\u201d para evitar un conflicto, pero que exig\u00eda una \u201cdesescalada\u201d de Mosc\u00fa.<br><br><br>Lavrov, por su parte, acus\u00f3 a Estados Unidos de querer provocar un conflicto en Ucrania con sus sospechas sobre una inminente invasi\u00f3n rusa, a las que calific\u00f3 de \u201cpropaganda\u201d.<br><br><br><br>INF. DE AGENCIAS\/AFP&#8230;&#8230;<br><br><br><br><br><br><br><br><br><br><br><br><br><br><br><br><br><br><br><br><br><br><br><br><br><br><br><br><br><br><br><br><br><br><br><br><br><\/p>\n","protected":false},"excerpt":{"rendered":"<p>Estados Unidos traslad\u00f3 a 160 soldados de la Guardia Nacional de Florida que se encontraban en Ucrania. Foto: AFP REDACCI\u00d3N\/VOCESVER.COM\/NOTICIAS<\/p>\n","protected":false},"author":2,"featured_media":33430,"comment_status":"open","ping_status":"open","sticky":false,"template":"","format":"standard","meta":{"colormag_page_container_layout":"default_layout","colormag_page_sidebar_layout":"default_layout","footnotes":""},"categories":[6],"tags":[],"class_list":["post-33424","post","type-post","status-publish","format-standard","has-post-thumbnail","hentry","category-internacional"],"_links":{"self":[{"href":"http:\/\/vocesver.com\/noticias\/wp-json\/wp\/v2\/posts\/33424","targetHints":{"allow":["GET"]}}],"collection":[{"href":"http:\/\/vocesver.com\/noticias\/wp-json\/wp\/v2\/posts"}],"about":[{"href":"http:\/\/vocesver.com\/noticias\/wp-json\/wp\/v2\/types\/post"}],"author":[{"embeddable":true,"href":"http:\/\/vocesver.com\/noticias\/wp-json\/wp\/v2\/users\/2"}],"replies":[{"embeddable":true,"href":"http:\/\/vocesver.com\/noticias\/wp-json\/wp\/v2\/comments?post=33424"}],"version-history":[{"count":2,"href":"http:\/\/vocesver.com\/noticias\/wp-json\/wp\/v2\/posts\/33424\/revisions"}],"predecessor-version":[{"id":33429,"href":"http:\/\/vocesver.com\/noticias\/wp-json\/wp\/v2\/posts\/33424\/revisions\/33429"}],"wp:featuredmedia":[{"embeddable":true,"href":"http:\/\/vocesver.com\/noticias\/wp-json\/wp\/v2\/media\/33430"}],"wp:attachment":[{"href":"http:\/\/vocesver.com\/noticias\/wp-json\/wp\/v2\/media?parent=33424"}],"wp:term":[{"taxonomy":"category","embeddable":true,"href":"http:\/\/vocesver.com\/noticias\/wp-json\/wp\/v2\/categories?post=33424"},{"taxonomy":"post_tag","embeddable":true,"href":"http:\/\/vocesver.com\/noticias\/wp-json\/wp\/v2\/tags?post=33424"}],"curies":[{"name":"wp","href":"https:\/\/api.w.org\/{rel}","templated":true}]}}