{"id":33418,"date":"2022-02-12T22:02:42","date_gmt":"2022-02-12T22:02:42","guid":{"rendered":"http:\/\/vocesver.com\/noticias\/?p=33418"},"modified":"2022-02-12T22:04:20","modified_gmt":"2022-02-12T22:04:20","slug":"piden-redoblar-estas-medidas-contra-covid-en-el-regreso-a-aulas-en-universidades","status":"publish","type":"post","link":"http:\/\/vocesver.com\/noticias\/piden-redoblar-estas-medidas-contra-covid-en-el-regreso-a-aulas-en-universidades\/","title":{"rendered":"Piden redoblar estas medidas contra COVID en el regreso a aulas en universidades"},"content":{"rendered":"\n<p><br>Piden redoblar medidas contra COVID en universidades. Foto: Cuartoscuro\/Archivo<br><br><br><br>REDACCI\u00d3N\/VOCESVER.COM\/NOTICIAS<br><br>NACIONAL.- A 12 DE  FEBRERO 2022.- DE ACUERDO CON INFORMACI\u00d3N DE REDACCI\u00d3N\/UNOTV&#8230;..Durante el regreso a las aulas en universidades, el Instituto Mexicano del Seguro Social sugiri\u00f3 redoblar medidas contra COVID-19, con el fin de evitar nuevas cadenas de contagios luego de que la mayor\u00eda de instituciones p\u00fablicas y privadas en el pa\u00eds han reanudado o pronto reanudar\u00e1n las clases presenciales.<br><br><br>\u00bfQu\u00e9 medidas contra COVID se piden redoblar?<br>El Instituto Mexicano del Seguro Social (IMSS) recomienda a la poblaci\u00f3n estudiantil y docente de las universidades que regresaron a clases presenciales redoblar las medidas sanitarias contra el COVID-19, como:<br><br>Uso correcto de cubrebocas<br>Sana distancia<br>Higiene frecuente de manos<br>Evitar saludar de beso o abrazo<br>No tocarse ojos, nariz y boca<br>Evitar aglomeraciones,<br><br>De acuerdo con el instituto es indispensable que nadie baje la guardia ante esta enfermedad, seguir las normas de higiene y sanidad para la prevenci\u00f3n de contagios y contar con esquema completo de vacunaci\u00f3n contra COVID\u201319.<br><br>Adem\u00e1s, subray\u00f3 que es primordial evitar las aglomeraciones, fiestas o convivios. Agreg\u00f3 que para la atenci\u00f3n de actividades escolares que requieran de varias personas, se debe optar por el uso de las tecnolog\u00edas para reuniones, realizaci\u00f3n de tareas grupales, entre otros.<br><br>\u201cEn los tiempos de recreo o los tiempos de esparcimiento de comidas es importante que siempre tomemos en cuenta las \u00e1reas que sean totalmente ventiladas y la limpieza total de \u00e9stas para disminuir como tal los contagios\u201d,<br><br>A dos a\u00f1os de inicio de la pandemia causada por el virus del SARS-CoV-2 y en donde los universitarios empiezan a regresar a sus centros de estudio, luego de clases en l\u00ednea, la dependencia dijo que estudiantes y profesores deben actuar de manera corresponsable y no bajar la guardia ante el retorno a clases presenciales en los niveles de educaci\u00f3n superior.<br><br><br><br><br><br>INFORMACI\u00d3N DE REDACCI\u00d3N\/UNOTV&#8230;&#8230;.<br><br><br><br><br><br><br><br><br><br><br><br><br><br><br><br><br><br><br><br><br><br><br><br><br><br><br><br><br><br><br><br><\/p>\n","protected":false},"excerpt":{"rendered":"<p>Piden redoblar medidas contra COVID en universidades. Foto: Cuartoscuro\/Archivo REDACCI\u00d3N\/VOCESVER.COM\/NOTICIAS NACIONAL.- A 12 DE FEBRERO 2022.- DE ACUERDO CON INFORMACI\u00d3N<\/p>\n","protected":false},"author":2,"featured_media":33426,"comment_status":"open","ping_status":"open","sticky":false,"template":"","format":"standard","meta":{"colormag_page_container_layout":"default_layout","colormag_page_sidebar_layout":"default_layout","footnotes":""},"categories":[5],"tags":[],"class_list":["post-33418","post","type-post","status-publish","format-standard","has-post-thumbnail","hentry","category-nacional"],"_links":{"self":[{"href":"http:\/\/vocesver.com\/noticias\/wp-json\/wp\/v2\/posts\/33418","targetHints":{"allow":["GET"]}}],"collection":[{"href":"http:\/\/vocesver.com\/noticias\/wp-json\/wp\/v2\/posts"}],"about":[{"href":"http:\/\/vocesver.com\/noticias\/wp-json\/wp\/v2\/types\/post"}],"author":[{"embeddable":true,"href":"http:\/\/vocesver.com\/noticias\/wp-json\/wp\/v2\/users\/2"}],"replies":[{"embeddable":true,"href":"http:\/\/vocesver.com\/noticias\/wp-json\/wp\/v2\/comments?post=33418"}],"version-history":[{"count":2,"href":"http:\/\/vocesver.com\/noticias\/wp-json\/wp\/v2\/posts\/33418\/revisions"}],"predecessor-version":[{"id":33425,"href":"http:\/\/vocesver.com\/noticias\/wp-json\/wp\/v2\/posts\/33418\/revisions\/33425"}],"wp:featuredmedia":[{"embeddable":true,"href":"http:\/\/vocesver.com\/noticias\/wp-json\/wp\/v2\/media\/33426"}],"wp:attachment":[{"href":"http:\/\/vocesver.com\/noticias\/wp-json\/wp\/v2\/media?parent=33418"}],"wp:term":[{"taxonomy":"category","embeddable":true,"href":"http:\/\/vocesver.com\/noticias\/wp-json\/wp\/v2\/categories?post=33418"},{"taxonomy":"post_tag","embeddable":true,"href":"http:\/\/vocesver.com\/noticias\/wp-json\/wp\/v2\/tags?post=33418"}],"curies":[{"name":"wp","href":"https:\/\/api.w.org\/{rel}","templated":true}]}}