{"id":33414,"date":"2022-02-12T21:36:50","date_gmt":"2022-02-12T21:36:50","guid":{"rendered":"http:\/\/vocesver.com\/noticias\/?p=33414"},"modified":"2022-02-12T21:54:04","modified_gmt":"2022-02-12T21:54:04","slug":"con-la-ley-en-la-mano-se-logra-la-reinstalacion-de-obreros-despedidos-de-tamsaruiz-saavedra","status":"publish","type":"post","link":"http:\/\/vocesver.com\/noticias\/con-la-ley-en-la-mano-se-logra-la-reinstalacion-de-obreros-despedidos-de-tamsaruiz-saavedra\/","title":{"rendered":"CON LA LEY EN LA MANO SE LOGRA LA REINSTALACI\u00d3N  DE OBREROS DESPEDIDOS DE TAMSA:RUIZ SAAVEDRA."},"content":{"rendered":"\n<p>\u00b0El proceso avanza de manera pausada, no se descansar\u00e1 hasta lograr la reinstalaci\u00f3n de m\u00e1s de 400 obreros.<br>\u00b0Para concretar estos logros, se  tuvo que destituir a 3 presidentes de la Junta 45.<br>AUSENCIO RIVERA\/VOCESVERA\/VOCESVER.COM\/NOTICIAS<br>Veracruz,Ver,. a 12 de Febrero 2022.-La reinstalaci\u00f3n de extrabajadores despedidos de manera injustificada de Tenaris Tamsa se lleva a cabo de manera pausada en la Junta Federal Especial 45 de Conciliaci\u00f3n y Arbitraje de acuerdo a los expedientes laborales ah\u00ed existentes.<br>Lo anterior lo se\u00f1al\u00f3 Enrique Ruiz Saavedra dirigente disidente del Sindicato de Tamsa y representante de Democracia con Transparencia Obrera(DTO) y quien explic\u00f3 esto se realiza gracias las gestiones que se hicieron anteriormente en donde Enrique Ruiz Saavedra siempre le apost\u00f3 a que pod\u00edamos ganar esas reinstalaciones.<br>Record\u00f3 que los primero extrabajadores que se reinstalar\u00f3n ya tienen m\u00e1s de 3 a\u00f1os y est\u00e1n laborando normalmente en la empresa a quien le doy las gracias por recibirlo \u201cporque simple y sencillamente hemos ganado legalmente esas reintalaciones\u201d.<br>El dirigente sindical disidente record\u00f3 que desde hace 3 a\u00f1os y medio empezaron a concretarse las reistalaciones de trabajadores. Se detuvieron porque hab\u00eda otras cuestiones que no caminaban y el tema de la pandemia del covid-19 que afect\u00f3 mucho.<br>Yo  siempre dije que en su momento le apost\u00e1ramos  a la legalidad ya que con la Ley en la mano podr\u00edamos ganar y hoy estamos viendo que siguen entrando m\u00e1s compa\u00f1eros.<br>Dijo que para lograr estas reinstalaci\u00f3n se tuvieron que ir tres presidente de la Junta Federal 45 \u201cporque simple y sencillamente ven\u00edan a Veracruz y se corromp\u00edan con el  Sindicato que era lidereado por un exl\u00edder obrero.<br>Hoy los tiempos han cambiado ya que m\u00e1s compa\u00f1eros se siguen reinstalando en sus puestos de trabajo. <br>Dijo que este movimiento no descansar\u00e1 hasta lograr que los m\u00e1s de 400 trabajadores despedidos regresen a laborar a sus puestos de trabajo con sus salarios y prestaciones establecidas.<br>Finalmente dijo que pronto habr\u00e1 cambios en el Comit\u00e9 Ejecutivo Nacional del Sindicato de Trabajadores de Tamsa.<br><br><br><br><br><br><br><br><br><br><br><br><br><br><br><br><br><br><br><br><br><br><br><br><br><br><br><br><br><br><br><br><br><br><br><br><br><br><br><br><br><br><\/p>\n","protected":false},"excerpt":{"rendered":"<p>\u00b0El proceso avanza de manera pausada, no se descansar\u00e1 hasta lograr la reinstalaci\u00f3n de m\u00e1s de 400 obreros.\u00b0Para concretar estos<\/p>\n","protected":false},"author":2,"featured_media":33420,"comment_status":"open","ping_status":"open","sticky":false,"template":"","format":"standard","meta":{"colormag_page_container_layout":"default_layout","colormag_page_sidebar_layout":"default_layout","footnotes":""},"categories":[2],"tags":[],"class_list":["post-33414","post","type-post","status-publish","format-standard","has-post-thumbnail","hentry","category-infogral"],"_links":{"self":[{"href":"http:\/\/vocesver.com\/noticias\/wp-json\/wp\/v2\/posts\/33414","targetHints":{"allow":["GET"]}}],"collection":[{"href":"http:\/\/vocesver.com\/noticias\/wp-json\/wp\/v2\/posts"}],"about":[{"href":"http:\/\/vocesver.com\/noticias\/wp-json\/wp\/v2\/types\/post"}],"author":[{"embeddable":true,"href":"http:\/\/vocesver.com\/noticias\/wp-json\/wp\/v2\/users\/2"}],"replies":[{"embeddable":true,"href":"http:\/\/vocesver.com\/noticias\/wp-json\/wp\/v2\/comments?post=33414"}],"version-history":[{"count":3,"href":"http:\/\/vocesver.com\/noticias\/wp-json\/wp\/v2\/posts\/33414\/revisions"}],"predecessor-version":[{"id":33422,"href":"http:\/\/vocesver.com\/noticias\/wp-json\/wp\/v2\/posts\/33414\/revisions\/33422"}],"wp:featuredmedia":[{"embeddable":true,"href":"http:\/\/vocesver.com\/noticias\/wp-json\/wp\/v2\/media\/33420"}],"wp:attachment":[{"href":"http:\/\/vocesver.com\/noticias\/wp-json\/wp\/v2\/media?parent=33414"}],"wp:term":[{"taxonomy":"category","embeddable":true,"href":"http:\/\/vocesver.com\/noticias\/wp-json\/wp\/v2\/categories?post=33414"},{"taxonomy":"post_tag","embeddable":true,"href":"http:\/\/vocesver.com\/noticias\/wp-json\/wp\/v2\/tags?post=33414"}],"curies":[{"name":"wp","href":"https:\/\/api.w.org\/{rel}","templated":true}]}}