{"id":33406,"date":"2022-02-11T21:14:33","date_gmt":"2022-02-11T21:14:33","guid":{"rendered":"http:\/\/vocesver.com\/noticias\/?p=33406"},"modified":"2022-02-11T21:14:35","modified_gmt":"2022-02-11T21:14:35","slug":"si-se-llega-a-70-de-vacunacion-fase-aguda-de-pandemia-terminaria-a-mitad-de-ano-oms","status":"publish","type":"post","link":"http:\/\/vocesver.com\/noticias\/si-se-llega-a-70-de-vacunacion-fase-aguda-de-pandemia-terminaria-a-mitad-de-ano-oms\/","title":{"rendered":"Si se llega a 70% de vacunaci\u00f3n, fase aguda de pandemia terminar\u00eda a mitad de a\u00f1o: OMS"},"content":{"rendered":"\n<p>\u201cEst\u00e1 en nuestras manos\u201d, dijo la OMS. Foto: Shutterstock-Pixabay<br><br><br>REDACCI\u00d3N\/VOCESVER.COM7NOTICIAS<br><br>INTERNACIONAL.- A  11 DE FEBRERO 2022.- DE ACUERDO CON INFORMACI\u00d3N DE AGENCIA\/AFP&#8230;..El director de la Organizaci\u00f3n Mundial de la Salud (OMS), Tedros Adhanom Ghebreyesus, dijo que la \u201cfase aguda\u201d de la pandemia del COVID-19 podr\u00eda terminar a mediados de a\u00f1o si se llega a una tasa de vacunaci\u00f3n del 70% de la poblaci\u00f3n mundial.<br><br><br>\u201cNuestra expectativa es que la fase aguda de la pandemia termine a finales de a\u00f1o, por supuesto con la condici\u00f3n de que el 70% de la poblaci\u00f3n est\u00e9 vacunada hacia mediados de a\u00f1o, hacia junio o julio\u201d.<br><br>Tedros Adhanom Ghebreyesus, director de la OMS.<br>\u201cEst\u00e1 en nuestras manos (\u2026) Es un asunto de decisi\u00f3n\u201d, agreg\u00f3.<br><br><br>El jefe de la OMS se encontraba de visita en los laboratorios de la Sociedad de Biotecnolog\u00eda Afrigen, con sede en Ciudad del Cabo, que fabric\u00f3 la primera vacuna ARN mensajero contra el COVID-19 en \u00c1frica.<br><br>Preparada a partir de la secuenciaci\u00f3n del c\u00f3digo gen\u00e9tico p\u00fablicamente disponible del laboratorio Moderna, esta vacuna estar\u00e1 lista para ensayos cl\u00ednicos en noviembre y se homologar\u00eda para 2024.<br><br>\u201cEsta vacuna ser\u00e1 m\u00e1s adaptada a los contextos en los que ser\u00e1 utilizada, con menos obligaciones para almacenamiento y a un precio m\u00e1s bajo\u201d, declar\u00f3 el jefe de la OMS.<br><br><br>El proyecto de Afrigen es apoyado por la OMS y el mecanismo Covax para el acceso a las vacunas.<br><br>The scientific excellence at the @WHO vaccine technology transfer hub, at the Afrigen, underscores the potential of Africa to produce vaccines for a wide range of diseases for its own people. Local capacity building &amp; sharing of life-saving tools is the way to keep the <br><br>&#x1f30d;safe. pic.twitter.com\/ATVpbGMO4J<br><br>\u2014 Tedros Adhanom Ghebreyesus (@DrTedros) February 11, 2022<br>Solo 11% de los africanos est\u00e1n vacunados, la tasa m\u00e1s baja del mundo, agreg\u00f3 la OMS.<br><br>Fin de la fase aguda de la pandemia llegar\u00eda en 2022<br>Justamente el mes pasado, la OMS consider\u00f3 que el fin de la fase aguda de la pandemia quiz\u00e1 llegue este a\u00f1o.<br><br>\u201cPodemos poner fin a la fase aguda de la pandemia este a\u00f1o, podemos poner fin al COVID-19 como urgencia sanitaria mundial\u201d, el nivel de alerta m\u00e1s elevado de la OMS, declar\u00f3 su director general, Tedros Adhanom Ghebreyesus.<br><br>Para lograrlo, explic\u00f3 que los pa\u00edses no deben quedarse de brazos cruzados y est\u00e1n obligados a:<br><br>Luchar contra la desigualdad en la vacunaci\u00f3n<br>Vigilar el virus y sus variantes<br>Aplicar restricciones adaptadas<br>Adem\u00e1s, advirti\u00f3 que es \u201cpeligroso suponer que (la variante muy contagiosa) \u00d3micron ser\u00e1 la \u00faltima variante\u201d, porque las condiciones son \u201cideales\u201d en el mundo para que otras variantes surjan, incluso otras m\u00e1s transmisibles y virulentas.<br><br><br><br><br>INF. DE AGENCIA\/AFP&#8230;&#8230;<br><br><br><br><br><br><br><br><br><br><br><br><br><br><br><br><br><br><br><br><br><br><br><br><br><br><br><br><br><br><br><br><br><br><br><br><br><br><br><br><br><\/p>\n","protected":false},"excerpt":{"rendered":"<p>\u201cEst\u00e1 en nuestras manos\u201d, dijo la OMS. Foto: Shutterstock-Pixabay REDACCI\u00d3N\/VOCESVER.COM7NOTICIAS INTERNACIONAL.- A 11 DE FEBRERO 2022.- DE ACUERDO CON INFORMACI\u00d3N<\/p>\n","protected":false},"author":2,"featured_media":33411,"comment_status":"open","ping_status":"open","sticky":false,"template":"","format":"standard","meta":{"colormag_page_container_layout":"default_layout","colormag_page_sidebar_layout":"default_layout","footnotes":""},"categories":[6],"tags":[],"class_list":["post-33406","post","type-post","status-publish","format-standard","has-post-thumbnail","hentry","category-internacional"],"_links":{"self":[{"href":"http:\/\/vocesver.com\/noticias\/wp-json\/wp\/v2\/posts\/33406","targetHints":{"allow":["GET"]}}],"collection":[{"href":"http:\/\/vocesver.com\/noticias\/wp-json\/wp\/v2\/posts"}],"about":[{"href":"http:\/\/vocesver.com\/noticias\/wp-json\/wp\/v2\/types\/post"}],"author":[{"embeddable":true,"href":"http:\/\/vocesver.com\/noticias\/wp-json\/wp\/v2\/users\/2"}],"replies":[{"embeddable":true,"href":"http:\/\/vocesver.com\/noticias\/wp-json\/wp\/v2\/comments?post=33406"}],"version-history":[{"count":2,"href":"http:\/\/vocesver.com\/noticias\/wp-json\/wp\/v2\/posts\/33406\/revisions"}],"predecessor-version":[{"id":33412,"href":"http:\/\/vocesver.com\/noticias\/wp-json\/wp\/v2\/posts\/33406\/revisions\/33412"}],"wp:featuredmedia":[{"embeddable":true,"href":"http:\/\/vocesver.com\/noticias\/wp-json\/wp\/v2\/media\/33411"}],"wp:attachment":[{"href":"http:\/\/vocesver.com\/noticias\/wp-json\/wp\/v2\/media?parent=33406"}],"wp:term":[{"taxonomy":"category","embeddable":true,"href":"http:\/\/vocesver.com\/noticias\/wp-json\/wp\/v2\/categories?post=33406"},{"taxonomy":"post_tag","embeddable":true,"href":"http:\/\/vocesver.com\/noticias\/wp-json\/wp\/v2\/tags?post=33406"}],"curies":[{"name":"wp","href":"https:\/\/api.w.org\/{rel}","templated":true}]}}