{"id":33402,"date":"2022-02-11T21:02:02","date_gmt":"2022-02-11T21:02:02","guid":{"rendered":"http:\/\/vocesver.com\/noticias\/?p=33402"},"modified":"2022-02-11T21:02:59","modified_gmt":"2022-02-11T21:02:59","slug":"alerta-gris-en-boca-del-rio-por-ingreso-de-frente-frio-29","status":"publish","type":"post","link":"http:\/\/vocesver.com\/noticias\/alerta-gris-en-boca-del-rio-por-ingreso-de-frente-frio-29\/","title":{"rendered":"ALERTA GRIS EN BOCA DEL R\u00cdO POR  INGRESO DE FRENTE FR\u00cdO 29."},"content":{"rendered":"\n<p>REDACCI\u00d3N\/VOCESVER.COM\/NOTICIAS<br><br>Boca del R\u00edo, Ver. a 11 de Febrero\u2026 Autoridades de PC de Boca del R\u00edo piden a la poblaci\u00f3n extremar precauciones debido al ingreso del frente fr\u00edo n\u00famero 29  que ocasionar\u00e1 vientos del norte con posibles rachas m\u00e1ximas entre los 80 y 100 KM\/Hora.<br>Para ello ya se lanz\u00f3 la Alerta Gris, pues habr\u00e1 mal tiempo los d\u00edas s\u00e1bado 12 y Domigo 13.<br>Las autoridades de PC de Boca del Rio exhortan a la poblaci\u00f3n que sino tiene que salir de casa no lo haga.<br>Tambi\u00e9n piden sujetar todo aquello que pueda salir proyectado y que est\u00e9n al pendiente de las actualizaciones del estado del tiempo.<br><br><br><br><br><br><br><br><br><br><br><br><br><br><br><br><br><br><br><br><br><br><br><br><br><br><br><\/p>\n","protected":false},"excerpt":{"rendered":"<p>REDACCI\u00d3N\/VOCESVER.COM\/NOTICIAS Boca del R\u00edo, Ver. a 11 de Febrero\u2026 Autoridades de PC de Boca del R\u00edo piden a la poblaci\u00f3n<\/p>\n","protected":false},"author":2,"featured_media":33408,"comment_status":"open","ping_status":"open","sticky":false,"template":"","format":"standard","meta":{"colormag_page_container_layout":"default_layout","colormag_page_sidebar_layout":"default_layout","footnotes":""},"categories":[2],"tags":[],"class_list":["post-33402","post","type-post","status-publish","format-standard","has-post-thumbnail","hentry","category-infogral"],"_links":{"self":[{"href":"http:\/\/vocesver.com\/noticias\/wp-json\/wp\/v2\/posts\/33402","targetHints":{"allow":["GET"]}}],"collection":[{"href":"http:\/\/vocesver.com\/noticias\/wp-json\/wp\/v2\/posts"}],"about":[{"href":"http:\/\/vocesver.com\/noticias\/wp-json\/wp\/v2\/types\/post"}],"author":[{"embeddable":true,"href":"http:\/\/vocesver.com\/noticias\/wp-json\/wp\/v2\/users\/2"}],"replies":[{"embeddable":true,"href":"http:\/\/vocesver.com\/noticias\/wp-json\/wp\/v2\/comments?post=33402"}],"version-history":[{"count":2,"href":"http:\/\/vocesver.com\/noticias\/wp-json\/wp\/v2\/posts\/33402\/revisions"}],"predecessor-version":[{"id":33407,"href":"http:\/\/vocesver.com\/noticias\/wp-json\/wp\/v2\/posts\/33402\/revisions\/33407"}],"wp:featuredmedia":[{"embeddable":true,"href":"http:\/\/vocesver.com\/noticias\/wp-json\/wp\/v2\/media\/33408"}],"wp:attachment":[{"href":"http:\/\/vocesver.com\/noticias\/wp-json\/wp\/v2\/media?parent=33402"}],"wp:term":[{"taxonomy":"category","embeddable":true,"href":"http:\/\/vocesver.com\/noticias\/wp-json\/wp\/v2\/categories?post=33402"},{"taxonomy":"post_tag","embeddable":true,"href":"http:\/\/vocesver.com\/noticias\/wp-json\/wp\/v2\/tags?post=33402"}],"curies":[{"name":"wp","href":"https:\/\/api.w.org\/{rel}","templated":true}]}}