{"id":33398,"date":"2022-02-11T20:33:09","date_gmt":"2022-02-11T20:33:09","guid":{"rendered":"http:\/\/vocesver.com\/noticias\/?p=33398"},"modified":"2022-02-11T20:34:39","modified_gmt":"2022-02-11T20:34:39","slug":"urge-la-escrituracion-de-la-col-prolongacion-las-bajadasvecinos","status":"publish","type":"post","link":"http:\/\/vocesver.com\/noticias\/urge-la-escrituracion-de-la-col-prolongacion-las-bajadasvecinos\/","title":{"rendered":"URGE LA ESCRITURACI\u00d3N DE LA COL.  PROLONGACI\u00d3N LAS BAJADAS:VECINOS."},"content":{"rendered":"\n<p>\u00b0Se fund\u00f3 hace m\u00e1s de 20 a\u00f1o y no tienen escrituras.<br>\u00b0El ex alcalde Ram\u00f3n Poo intento, pero no lo logr\u00f3.<br>\u00b0Ahora le pedir\u00e1n a Paty Lobeira su intervenci\u00f3n.<br>AUSENCIO RIVERA\/VOCESVER.COM\/NOTICIAS<br>Veracruz,Ver.- a 11 de Febrero 2022.- Los m\u00e1s de 500 habitantes de la Colonia Prolongaci\u00f3n \u201cLas Bajadas\u201d del municipio de Veracruz esperan que la actuales autoridades municipales concreten la escrituraci\u00f3n de \u00e9sta para que tengan certeza jur\u00eddica.<br>Al respecto  Erasmo Mart\u00ednez Lezama habitante de la Colonia Prolongaci\u00f3n Las Bajadas del municipio de Veracruz explic\u00f3 que esta colonia tiene m\u00e1s de 20 a\u00f1os de estar demandando esa ecrituraci\u00f3n.<br>Explic\u00f3 que el gobierno municipal del ex alcalde priista Ram\u00f3n Poo Gil ya ten\u00edan avances de esta escrituraci\u00f3n, pero como concluy\u00f3 su mandato \u00e9sta se par\u00f3 y el presidente municipal saliente Fernando Yunes no hizo nada porque \u00e9sta se concretara.<br>Sin embargo dijo:\u201dvamos a solicitar a la Alcaldesa Patricia Lobeira que nos ayude, pues la escrituraci\u00f3n de los terrenos es muy necesaria\u201d.<br>Nosotros confiamos en que con las actuales autoridades municipales la escrituraci\u00f3n ya se haga una realidad.<br>De concretarse la escrituraci\u00f3n se ver\u00e1n beneficiadas de 500 a 600 familias.<br>Por otro lado dijo que tambi\u00e9n se le pedir\u00e1 a la presidenta municipal que mejore las vialidades de la colonia, sobre todo los acceso ya que cada vez que llueve se vuelven intransitables afectando a decenas de estudiantes y personas de la tercera edad que tienen que salir para cumplir con sus actividades.<br><br><br><br><br><br><br><br><br><br><br><br><br><br><br><br><br><br><br><br><br><br><br><br><br><br><br><br><br><br><br><\/p>\n","protected":false},"excerpt":{"rendered":"<p>\u00b0Se fund\u00f3 hace m\u00e1s de 20 a\u00f1o y no tienen escrituras.\u00b0El ex alcalde Ram\u00f3n Poo intento, pero no lo logr\u00f3.\u00b0Ahora<\/p>\n","protected":false},"author":2,"featured_media":33404,"comment_status":"open","ping_status":"open","sticky":false,"template":"","format":"standard","meta":{"colormag_page_container_layout":"default_layout","colormag_page_sidebar_layout":"default_layout","footnotes":""},"categories":[2],"tags":[],"class_list":["post-33398","post","type-post","status-publish","format-standard","has-post-thumbnail","hentry","category-infogral"],"_links":{"self":[{"href":"http:\/\/vocesver.com\/noticias\/wp-json\/wp\/v2\/posts\/33398","targetHints":{"allow":["GET"]}}],"collection":[{"href":"http:\/\/vocesver.com\/noticias\/wp-json\/wp\/v2\/posts"}],"about":[{"href":"http:\/\/vocesver.com\/noticias\/wp-json\/wp\/v2\/types\/post"}],"author":[{"embeddable":true,"href":"http:\/\/vocesver.com\/noticias\/wp-json\/wp\/v2\/users\/2"}],"replies":[{"embeddable":true,"href":"http:\/\/vocesver.com\/noticias\/wp-json\/wp\/v2\/comments?post=33398"}],"version-history":[{"count":2,"href":"http:\/\/vocesver.com\/noticias\/wp-json\/wp\/v2\/posts\/33398\/revisions"}],"predecessor-version":[{"id":33403,"href":"http:\/\/vocesver.com\/noticias\/wp-json\/wp\/v2\/posts\/33398\/revisions\/33403"}],"wp:featuredmedia":[{"embeddable":true,"href":"http:\/\/vocesver.com\/noticias\/wp-json\/wp\/v2\/media\/33404"}],"wp:attachment":[{"href":"http:\/\/vocesver.com\/noticias\/wp-json\/wp\/v2\/media?parent=33398"}],"wp:term":[{"taxonomy":"category","embeddable":true,"href":"http:\/\/vocesver.com\/noticias\/wp-json\/wp\/v2\/categories?post=33398"},{"taxonomy":"post_tag","embeddable":true,"href":"http:\/\/vocesver.com\/noticias\/wp-json\/wp\/v2\/tags?post=33398"}],"curies":[{"name":"wp","href":"https:\/\/api.w.org\/{rel}","templated":true}]}}