{"id":33392,"date":"2022-02-10T23:00:32","date_gmt":"2022-02-10T23:00:32","guid":{"rendered":"http:\/\/vocesver.com\/noticias\/?p=33392"},"modified":"2022-02-10T23:03:47","modified_gmt":"2022-02-10T23:03:47","slug":"exhorta-ceapp-al-poder-ejecutivo-a-respetar-libre-ejercicio-periodistico","status":"publish","type":"post","link":"http:\/\/vocesver.com\/noticias\/exhorta-ceapp-al-poder-ejecutivo-a-respetar-libre-ejercicio-periodistico\/","title":{"rendered":"*Exhorta CEAPP al Poder Ejecutivo a respetar libre ejercicio period\u00edstico*"},"content":{"rendered":"\n<p>REDACCI\u00d3N\/VOCESVER.COM\/NOTICIAS<br><br>_Xalapa, Ver., a 10 de febrero de 2022.-_ La Comisi\u00f3n Estatal para la Atenci\u00f3n y Protecci\u00f3n de los Periodistas (CEAPP) exhorta al Poder Ejecutivo y a su titular, Cuitl\u00e1huac Garc\u00eda Jim\u00e9nez, a respetar el quehacer informativo de los periodistas veracruzanos en todas sus expresiones.<br><br>Lo anterior en relaci\u00f3n a un hecho registrado este mi\u00e9rcoles durante la conferencia de prensa del Gobernador del Estado, lo que origin\u00f3 la intervenci\u00f3n de este Organismo Aut\u00f3nomo en favor de la solicitante.<br><br>No obstante, desde este Organismo Aut\u00f3nomo hacemos hincapi\u00e9 a lo establecido por la Relator\u00eda Especial de las Naciones Unidas sobre la Promoci\u00f3n y Protecci\u00f3n del Derecho a la Libertad de Opini\u00f3n y de Expresi\u00f3n, desde donde se precisa lo siguiente:<br><br>\u201cEs leg\u00edtimo que los pol\u00edticos y los funcionarios p\u00fablicos formulen cr\u00edticas, correcciones u objeciones con respecto a reportajes espec\u00edficos en los medios. Sin embargo, cuando lo hagan, siempre deben tener cuidado de asegurar que sus comentarios sean precisos, evitar la estigmatizaci\u00f3n y la desacreditaci\u00f3n de los medios y no amenazar a periodistas ni socavar el respeto de la independencia de los medios de comunicaci\u00f3n.\u201d<br><br>Asimismo, en diversas jurisprudencias y resoluciones emitidas por la Corte Interamericana de Derechos Humanos, se ha exhortado a que los servidores p\u00fablicos y\/o funcionarios de los estados deben sujetarse a un escrutinio riguroso por la prensa y la opini\u00f3n p\u00fablica, y en consecuencia, en raz\u00f3n de la naturaleza p\u00fablica de las funciones que cumplen, deben tener un mayor umbral de tolerancia ante la cr\u00edtica.<br><br>En virtud de lo anterior, la CEAPP reitera la necesidad de que se enriquezca el debate p\u00fablico bajo un ambiente de respeto a la libertad de expresi\u00f3n y del acceso a la informaci\u00f3n. De igual manera, se reconoce al Poder Ejecutivo que se promuevan los ejercicios de transparencia y rendici\u00f3n de cuentas, siempre y cuando \u00e9stos se desarrollen con todas las garant\u00edas de respeto para los comunicadores y quienes tienen la encomienda de informar a la sociedad.<br><br>Asimismo, la Comisi\u00f3n considera indispensable que desde el Estado, en todos sus niveles (federal, estatal y municipal), se erradique todo tipo de violencia contra los periodistas, evitando su descr\u00e9dito en espacios p\u00fablicos y agravios que afecten la integridad de quienes ejercen la libertad de expresi\u00f3n.<br><br><br><br><br><br><br><br><br><br><br><br><br><br><br><br><br><br><br><br><br><br><br><br><br><br><br><br><br><br><br><br><br><br><\/p>\n","protected":false},"excerpt":{"rendered":"<p>REDACCI\u00d3N\/VOCESVER.COM\/NOTICIAS _Xalapa, Ver., a 10 de febrero de 2022.-_ La Comisi\u00f3n Estatal para la Atenci\u00f3n y Protecci\u00f3n de los Periodistas<\/p>\n","protected":false},"author":2,"featured_media":33305,"comment_status":"open","ping_status":"open","sticky":false,"template":"","format":"standard","meta":{"colormag_page_container_layout":"default_layout","colormag_page_sidebar_layout":"default_layout","footnotes":""},"categories":[4],"tags":[],"class_list":["post-33392","post","type-post","status-publish","format-standard","has-post-thumbnail","hentry","category-estatal"],"_links":{"self":[{"href":"http:\/\/vocesver.com\/noticias\/wp-json\/wp\/v2\/posts\/33392","targetHints":{"allow":["GET"]}}],"collection":[{"href":"http:\/\/vocesver.com\/noticias\/wp-json\/wp\/v2\/posts"}],"about":[{"href":"http:\/\/vocesver.com\/noticias\/wp-json\/wp\/v2\/types\/post"}],"author":[{"embeddable":true,"href":"http:\/\/vocesver.com\/noticias\/wp-json\/wp\/v2\/users\/2"}],"replies":[{"embeddable":true,"href":"http:\/\/vocesver.com\/noticias\/wp-json\/wp\/v2\/comments?post=33392"}],"version-history":[{"count":2,"href":"http:\/\/vocesver.com\/noticias\/wp-json\/wp\/v2\/posts\/33392\/revisions"}],"predecessor-version":[{"id":33399,"href":"http:\/\/vocesver.com\/noticias\/wp-json\/wp\/v2\/posts\/33392\/revisions\/33399"}],"wp:featuredmedia":[{"embeddable":true,"href":"http:\/\/vocesver.com\/noticias\/wp-json\/wp\/v2\/media\/33305"}],"wp:attachment":[{"href":"http:\/\/vocesver.com\/noticias\/wp-json\/wp\/v2\/media?parent=33392"}],"wp:term":[{"taxonomy":"category","embeddable":true,"href":"http:\/\/vocesver.com\/noticias\/wp-json\/wp\/v2\/categories?post=33392"},{"taxonomy":"post_tag","embeddable":true,"href":"http:\/\/vocesver.com\/noticias\/wp-json\/wp\/v2\/tags?post=33392"}],"curies":[{"name":"wp","href":"https:\/\/api.w.org\/{rel}","templated":true}]}}