{"id":33383,"date":"2022-02-10T22:34:46","date_gmt":"2022-02-10T22:34:46","guid":{"rendered":"http:\/\/vocesver.com\/noticias\/?p=33383"},"modified":"2022-02-10T22:35:44","modified_gmt":"2022-02-10T22:35:44","slug":"banco-de-mexico-sube-la-tasa-de-interes-interbancaria-a-6","status":"publish","type":"post","link":"http:\/\/vocesver.com\/noticias\/banco-de-mexico-sube-la-tasa-de-interes-interbancaria-a-6\/","title":{"rendered":"Banco de M\u00e9xico sube la Tasa de Inter\u00e9s Interbancaria a 6%"},"content":{"rendered":"\n<p><br>Entra en vigor a partir del 11 de febrero de 2022. Foto: Reuters<br><br><br>REDACCI\u00d3N\/VOCESVER.COM\/NOTICIAS<br><br><br>NACIONAL.- A 10 DE FEBRERO 2022.- (NEGOCIOS).DE ACUERDO CON INFORMACI\u00d3N DE AGENCIAS,\/M\u00c9XICO\/ REUTERS&#8230;..El Banco de M\u00e9xico (Banxico) elev\u00f3 su Tasa de Inter\u00e9s Interbancaria para llevarla a un 6% desde un 5.5%. Lo hizo con presencia de todos sus miembros, quienes, por mayor\u00eda, tomaron la decisi\u00f3n, que entra en vigor a partir del 11 de febrero de 2022.<br><br><br>Con la presencia de todos sus miembros, la Junta de Gobierno del #BancodeM\u00e9xico decidi\u00f3 por mayor\u00eda aumentar la Tasa de Inter\u00e9s Interbancaria a 1 d\u00eda a un nivel de 6.00% con efectos a partir del 11 de febrero de 2022. Consulta el comunicado en: https:\/\/t.co\/jGGrirJIAf pic.twitter.com\/u1DIkZa0wf<br><br>\u2014 Banco de M\u00e9xico (@Banxico) February 10, 2022<br>Es la primera decisi\u00f3n con Victoria Rodr\u00edguez Ceja, al frente del banco central<br>Banxico y el incremento de la tasa de inter\u00e9s  <br>En un comunicado, Banxico dijo que las expectativas para las inflaciones anual general y subyacente para 2022 y 2023 \u201cvolvieron a incrementarse, mientras que las de mediano plazo disminuyeron ligeramente y las de largo plazo se han mantenido estables en niveles superiores a la meta\u201d.<br><br><br>Adem\u00e1s, el Banco de M\u00e9xico a\u00f1adi\u00f3 que los pron\u00f3sticos de inflaci\u00f3n general y subyacente se revisaron al alza, especialmente para 2022 y el primer trimestre de 2023, y se prev\u00e9 que sus mediciones anuales converjan a la meta de 3% hacia finales del horizonte de pron\u00f3stico.<br><br>Los pron\u00f3sticos de inflaci\u00f3n general y subyacente se revisaron al alza. Se prev\u00e9 que sus mediciones anuales converjan a la meta de 3% hacia finales del horizonte de pron\u00f3stico. El balance de riesgos respecto a la trayectoria prevista para la inflaci\u00f3n se mantiene al alza. pic.twitter.com\/CFNNpXxXue<br><br>\u2014 Banco de M\u00e9xico (@Banxico) February 10, 2022<br>As\u00ed, elev\u00f3 su pron\u00f3stico para la inflaci\u00f3n general desde un 6.7% a un 6.9% para el primer trimestre del 2022 y la subyacente del 6.2% al 6.4%. Para el cuarto trimestre, las subi\u00f3 desde 3.5% al 4% y del 4.1% al 4.3%, respectivamente.<br>\u201cLa Junta de Gobierno evalu\u00f3 la magnitud y diversidad de los choques que han afectado a la inflaci\u00f3n y sus determinantes, el riesgo de que se contaminen las expectativas de mediano y largo plazos y la formaci\u00f3n de precios, as\u00ed como los mayores retos ante el apretamiento de las condiciones monetarias y financieras globales\u201d, explic\u00f3 en anuncio de pol\u00edtica monetaria.<br><br>El Banxico increment\u00f3 en diciembre su tasa de inter\u00e9s referencial por arriba de lo que esperaba el mercado, para llevarla a un 5.50%, citando un deterioro en las previsiones para la inflaci\u00f3n. Fue el quinto aumento consecutivo.<br><br><br><br>INF. DE AGENCIAS\/M\u00c9XICO\/REUTERS&#8230;..<br><br><br><br><br><br><br><br><br><br><br><br><br><br><br><br><br><br><br><br><br><br><br><br><br><br><br><\/p>\n","protected":false},"excerpt":{"rendered":"<p>Entra en vigor a partir del 11 de febrero de 2022. Foto: Reuters REDACCI\u00d3N\/VOCESVER.COM\/NOTICIAS NACIONAL.- A 10 DE FEBRERO 2022.-<\/p>\n","protected":false},"author":2,"featured_media":33389,"comment_status":"open","ping_status":"open","sticky":false,"template":"","format":"standard","meta":{"colormag_page_container_layout":"default_layout","colormag_page_sidebar_layout":"default_layout","footnotes":""},"categories":[5],"tags":[],"class_list":["post-33383","post","type-post","status-publish","format-standard","has-post-thumbnail","hentry","category-nacional"],"_links":{"self":[{"href":"http:\/\/vocesver.com\/noticias\/wp-json\/wp\/v2\/posts\/33383","targetHints":{"allow":["GET"]}}],"collection":[{"href":"http:\/\/vocesver.com\/noticias\/wp-json\/wp\/v2\/posts"}],"about":[{"href":"http:\/\/vocesver.com\/noticias\/wp-json\/wp\/v2\/types\/post"}],"author":[{"embeddable":true,"href":"http:\/\/vocesver.com\/noticias\/wp-json\/wp\/v2\/users\/2"}],"replies":[{"embeddable":true,"href":"http:\/\/vocesver.com\/noticias\/wp-json\/wp\/v2\/comments?post=33383"}],"version-history":[{"count":3,"href":"http:\/\/vocesver.com\/noticias\/wp-json\/wp\/v2\/posts\/33383\/revisions"}],"predecessor-version":[{"id":33390,"href":"http:\/\/vocesver.com\/noticias\/wp-json\/wp\/v2\/posts\/33383\/revisions\/33390"}],"wp:featuredmedia":[{"embeddable":true,"href":"http:\/\/vocesver.com\/noticias\/wp-json\/wp\/v2\/media\/33389"}],"wp:attachment":[{"href":"http:\/\/vocesver.com\/noticias\/wp-json\/wp\/v2\/media?parent=33383"}],"wp:term":[{"taxonomy":"category","embeddable":true,"href":"http:\/\/vocesver.com\/noticias\/wp-json\/wp\/v2\/categories?post=33383"},{"taxonomy":"post_tag","embeddable":true,"href":"http:\/\/vocesver.com\/noticias\/wp-json\/wp\/v2\/tags?post=33383"}],"curies":[{"name":"wp","href":"https:\/\/api.w.org\/{rel}","templated":true}]}}