{"id":33378,"date":"2022-02-10T22:29:42","date_gmt":"2022-02-10T22:29:42","guid":{"rendered":"http:\/\/vocesver.com\/noticias\/?p=33378"},"modified":"2022-02-10T22:29:44","modified_gmt":"2022-02-10T22:29:44","slug":"el-patriarcado-debe-caer-y-caera-arturo-zaldivar-presidente-de-la-scjn","status":"publish","type":"post","link":"http:\/\/vocesver.com\/noticias\/el-patriarcado-debe-caer-y-caera-arturo-zaldivar-presidente-de-la-scjn\/","title":{"rendered":"\u201cEl patriarcado debe caer y caer\u00e1\u201d: Arturo Zald\u00edvar, presidente de la SCJN"},"content":{"rendered":"\n<p><br>Arturo Zald\u00edvar, ministro presidente de la Suprema Corte de Justicia de la Naci\u00f3n, dijo que \u201cel patriarcado debe caer y caer\u00e1\u201d. Foto: Cuartoscuro.<br><br><br><br>REDACCI\u00d3N\/VOCESVER.COM\/NOTICIAS<br><br>NACIONAL.- A 10 DE  FEBRERO..-DE ACUERDO CON INORMACI\u00d3N DE RUB\u00c9N ROJAS\/CDMX\/M\u00c9XICO\/UNOTV&#8230;.. El ministro presidente de la Suprema Corte de Justicia de la Naci\u00f3n (SCJN), Arturo Zald\u00edvar, hizo un llamado a cambios culturales, legislativos y jurisdiccionales para terminar con desigualdad entre hombres y mujeres; advirti\u00f3 que, en ocasiones, la desigualdad es producida por la ley vigente.<br><br><br>En un mensaje a medios, dijo:<br><br>\u201cCompromet\u00e1monos con que el patriarcado debe caer, lo cual, irremediablemente, suceder\u00e1. El patriarcado debe caer y caer\u00e1\u201d.<br><br><br>Durante la inauguraci\u00f3n del Foro Iberoamericano \u201cPresupuestos para la materializaci\u00f3n de los derechos de las mujeres\u201d, Arturo Zald\u00edvar alert\u00f3 sobre la necesidad de frenar cifras crecientes de violencia contra mujeres, \u201ca fin de avanzar hacia una igualdad sustantiva\u201d.<br><br>     \u0301. Requerimos seguir impulsando cambios culturales, legislativos y judiciales; requerimos una sociedad que acepte la igualdad en dignidad entre el hombre y la mujer: Ministro Presidente @ArturoZaldivarL pic.twitter.com\/2qucXBIUjR<br><br>\u2014 Suprema Corte (@SCJN) February 10, 2022<br>\u201cEl patriarcado debe caer\u201d<br>Arturo Zald\u00edvar dijo que la igualdad ante la ley no es suficiente \u201cporque lo que dice la ley no siempre se traduce en realidades\u201d<br>El ministro presidente a\u00f1adi\u00f3 que el patriarcado se sustenta en desigualdad subrepticia, visiones dominantes de discriminaci\u00f3n contra mujeres: \u201cah\u00ed est\u00e1n las leyes, ah\u00ed est\u00e1n las decisiones jurisdiccionales, ah\u00ed est\u00e1 c\u00f3mo se trata a las mujeres en los centros de Justicia\u201d.<br><br><br>\u201cTodas y todos tenemos que hacer un trabajo constante para avanzar hacia la igualdad sustantiva pero tambi\u00e9n combatir la violencia contra las mujeres. Debemos revertir esta tendencia de violaciones, de abuso sexual y feminicidios que tiene nuestro pa\u00eds.\u00bb pic.twitter.com\/JaeuXHO9j4<br><br>\u2014 CJF (@CJF_Mx) February 10, 2022<br><br>Arturo Zald\u00edvar coment\u00f3 sobre el patriarcado:<br><br><br>\u201cDebemos revertir esta tendencia de violaciones, de abuso sexual, de feminicidios que tiene nuestro pa\u00eds. Las cifras en este rubro son intolerantes, intolerables\u201d.<br><br>Contra el patriarcado<br>Por su parte, la jefa de la Comisi\u00f3n Nacional de Derechos Humanos (CNDH), Rosario Piedra Ibarra, consider\u00f3 que uno de los grandes desaf\u00edos para atender violencia contra mujeres es lograr que el financiamiento p\u00fablico sea orientado a pol\u00edticas p\u00fablicas efectivas.<br><br>\u201cEl mayor desaf\u00edo es lograr que la asignaci\u00f3n del gasto p\u00fablico se oriente de una manera m\u00e1s efectiva y logre eliminar y superar desigualdades. Por consiguiente, mejore condiciones de vida de personas, al mismo tiempo que logre que mujeres tengan acceso a beneficios del desarrollo\u201d.<br><br><br><br><br>INF DE RUB\u00c9N ROJAS\/CDMX\/M\u00c9XICO\/UNOTV&#8230;..<br><br><br><br><br><br><br><br><br><br><br><br><br><br><br><br><br><br><br><br><br><br><br><br><br><br><br><br><br><br><br><br><br><br><\/p>\n","protected":false},"excerpt":{"rendered":"<p>Arturo Zald\u00edvar, ministro presidente de la Suprema Corte de Justicia de la Naci\u00f3n, dijo que \u201cel patriarcado debe caer y<\/p>\n","protected":false},"author":2,"featured_media":33384,"comment_status":"open","ping_status":"open","sticky":false,"template":"","format":"standard","meta":{"colormag_page_container_layout":"default_layout","colormag_page_sidebar_layout":"default_layout","footnotes":""},"categories":[5],"tags":[],"class_list":["post-33378","post","type-post","status-publish","format-standard","has-post-thumbnail","hentry","category-nacional"],"_links":{"self":[{"href":"http:\/\/vocesver.com\/noticias\/wp-json\/wp\/v2\/posts\/33378","targetHints":{"allow":["GET"]}}],"collection":[{"href":"http:\/\/vocesver.com\/noticias\/wp-json\/wp\/v2\/posts"}],"about":[{"href":"http:\/\/vocesver.com\/noticias\/wp-json\/wp\/v2\/types\/post"}],"author":[{"embeddable":true,"href":"http:\/\/vocesver.com\/noticias\/wp-json\/wp\/v2\/users\/2"}],"replies":[{"embeddable":true,"href":"http:\/\/vocesver.com\/noticias\/wp-json\/wp\/v2\/comments?post=33378"}],"version-history":[{"count":2,"href":"http:\/\/vocesver.com\/noticias\/wp-json\/wp\/v2\/posts\/33378\/revisions"}],"predecessor-version":[{"id":33385,"href":"http:\/\/vocesver.com\/noticias\/wp-json\/wp\/v2\/posts\/33378\/revisions\/33385"}],"wp:featuredmedia":[{"embeddable":true,"href":"http:\/\/vocesver.com\/noticias\/wp-json\/wp\/v2\/media\/33384"}],"wp:attachment":[{"href":"http:\/\/vocesver.com\/noticias\/wp-json\/wp\/v2\/media?parent=33378"}],"wp:term":[{"taxonomy":"category","embeddable":true,"href":"http:\/\/vocesver.com\/noticias\/wp-json\/wp\/v2\/categories?post=33378"},{"taxonomy":"post_tag","embeddable":true,"href":"http:\/\/vocesver.com\/noticias\/wp-json\/wp\/v2\/tags?post=33378"}],"curies":[{"name":"wp","href":"https:\/\/api.w.org\/{rel}","templated":true}]}}