{"id":33376,"date":"2022-02-10T21:30:43","date_gmt":"2022-02-10T21:30:43","guid":{"rendered":"http:\/\/vocesver.com\/noticias\/?p=33376"},"modified":"2022-02-10T21:34:08","modified_gmt":"2022-02-10T21:34:08","slug":"prd-veracruz-reprueba-violencia-de-genero-del-gobernador-hacia-periodista","status":"publish","type":"post","link":"http:\/\/vocesver.com\/noticias\/prd-veracruz-reprueba-violencia-de-genero-del-gobernador-hacia-periodista\/","title":{"rendered":"PRD Veracruz reprueba violencia de genero del gobernador hacia periodista."},"content":{"rendered":"\n<p><br><br><br>Exige al mandatario por lo menos una disculpa p\u00fablica para periodista agredida<br><br>REDACCION\/VOCESVER.COM\/NOTICIAS<br><br><br>Xalapa,Ver.- a 10 de Febrero 2022.-El Partido de la Revoluci\u00f3n Democr\u00e1tica manifiesta su condena al tono agresivo con el que respondi\u00f3 ayer el gobernador Cuitl\u00e1huac Garc\u00eda Jim\u00e9nez a la reportera Sarah Landa, ante una pregunta que le hizo en cumplimiento de su deber profesional.<br><br>No solo es reprobable su conducta, amparado en el poder que le da el gobierno, sino que es grave tambi\u00e9n que haya ejercido violencia de g\u00e9nero, por lo que debe ofrecerle una disculpa p\u00fablica.<br><br>La forma en la que encar\u00f3 e incluso recrimin\u00f3 a la periodista no corresponde al comportamiento que se espera de un representante popular, menos del titular del Poder Ejecutivo.<br><br>Recordamos al gobernador que responder a todo cuestionamiento de la prensa, informar, aclarar, precisar, es parte de la transparencia a la que est\u00e1 obligado como servidor p\u00fablico.<br><br>Asimismo, reconocemos la calidad profesional de la joven reportera, a quien calific\u00f3 como un ejemplo de cumplimiento de su deber para tener bien informada a la sociedad veracruzana y la convoc\u00f3 a seguir adelante con la seguridad de que tiene todo el respaldo del pueblo de Veracruz.<br><br>Destacamos que actitudes como la del gobernador alientan a que se falte al respeto a las mujeres y en general al trabajo de las y los representantes de los medios de comunicaci\u00f3n y que se reproduzca en Veracruz el mal ejemplo del presidente de la rep\u00fablica, quien se confronta a diario con periodistas de probada trayectoria solo por el hecho de que dan a conocer informaci\u00f3n que no es de su agrado.<br><br>Pedimos a los organismos encargados de cuidar los derechos de las mujeres a que no se queden callados y expres\u00f3 que Sarah Landa debe de recibir tambi\u00e9n el respaldo de las legisladoras locales y federales de todos los partidos, quienes se promueven como defensoras de los derechos de las mujeres, pero se hacen omisas cuando ocurre una agresi\u00f3n.<br><br>Reiteramos nuestro respaldo y solidaridad a las mujeres periodistas de la entidad y exhortamos a que en caso de registrarse este tipo de hechos no se queden calladas, sino que alcen la voz, a fin de exhibir los hechos que merman sus libertades y a sus autores, quienes siempre ser\u00e1n sujetos de condena p\u00fablica.<br><br><br><br><br><br><br><br><br><br><br><br><br><br><br><br><br><br><br><br><br><br><br><br><br><br><br><br><br><br><br><\/p>\n","protected":false},"excerpt":{"rendered":"<p>Exige al mandatario por lo menos una disculpa p\u00fablica para periodista agredida REDACCION\/VOCESVER.COM\/NOTICIAS Xalapa,Ver.- a 10 de Febrero 2022.-El Partido<\/p>\n","protected":false},"author":2,"featured_media":33380,"comment_status":"open","ping_status":"open","sticky":false,"template":"","format":"standard","meta":{"colormag_page_container_layout":"default_layout","colormag_page_sidebar_layout":"default_layout","footnotes":""},"categories":[4],"tags":[],"class_list":["post-33376","post","type-post","status-publish","format-standard","has-post-thumbnail","hentry","category-estatal"],"_links":{"self":[{"href":"http:\/\/vocesver.com\/noticias\/wp-json\/wp\/v2\/posts\/33376","targetHints":{"allow":["GET"]}}],"collection":[{"href":"http:\/\/vocesver.com\/noticias\/wp-json\/wp\/v2\/posts"}],"about":[{"href":"http:\/\/vocesver.com\/noticias\/wp-json\/wp\/v2\/types\/post"}],"author":[{"embeddable":true,"href":"http:\/\/vocesver.com\/noticias\/wp-json\/wp\/v2\/users\/2"}],"replies":[{"embeddable":true,"href":"http:\/\/vocesver.com\/noticias\/wp-json\/wp\/v2\/comments?post=33376"}],"version-history":[{"count":3,"href":"http:\/\/vocesver.com\/noticias\/wp-json\/wp\/v2\/posts\/33376\/revisions"}],"predecessor-version":[{"id":33381,"href":"http:\/\/vocesver.com\/noticias\/wp-json\/wp\/v2\/posts\/33376\/revisions\/33381"}],"wp:featuredmedia":[{"embeddable":true,"href":"http:\/\/vocesver.com\/noticias\/wp-json\/wp\/v2\/media\/33380"}],"wp:attachment":[{"href":"http:\/\/vocesver.com\/noticias\/wp-json\/wp\/v2\/media?parent=33376"}],"wp:term":[{"taxonomy":"category","embeddable":true,"href":"http:\/\/vocesver.com\/noticias\/wp-json\/wp\/v2\/categories?post=33376"},{"taxonomy":"post_tag","embeddable":true,"href":"http:\/\/vocesver.com\/noticias\/wp-json\/wp\/v2\/tags?post=33376"}],"curies":[{"name":"wp","href":"https:\/\/api.w.org\/{rel}","templated":true}]}}