{"id":33368,"date":"2022-02-09T22:58:00","date_gmt":"2022-02-09T22:58:00","guid":{"rendered":"http:\/\/vocesver.com\/noticias\/?p=33368"},"modified":"2022-02-09T22:58:02","modified_gmt":"2022-02-09T22:58:02","slug":"concluye-reunion-de-amlo-con-john-kerry-enviado-de-eu-en-palacio-nacional","status":"publish","type":"post","link":"http:\/\/vocesver.com\/noticias\/concluye-reunion-de-amlo-con-john-kerry-enviado-de-eu-en-palacio-nacional\/","title":{"rendered":"Concluye reuni\u00f3n de AMLO con John Kerry, enviado de EU, en Palacio Nacional"},"content":{"rendered":"\n<p><br>John Kerry, enviado de EU por Cambio Clim\u00e1tico, se reuni\u00f3 en Palacio Nacional con el presidente L\u00f3pez Obrador. Foto: Cuartoscuro (Archivo).<br><br><br><br>REDACCI\u00d3N\/VOCESVER.COM\/NOTICIAS<br><br>NACIONAL.- A 9 DE  FEBRERO 2022.-DE ACUERDO CON INFORMACI\u00d3N DE REDACCI\u00d3N\/CDMX\/M\u00c9XICO\/UNOTV&#8230;.. John Kerry, enviado especial del Gobierno de Estados Unidos por el Cambio Clim\u00e1tico, se reuni\u00f3 este mi\u00e9rcoles con el presidente Andr\u00e9s Manuel L\u00f3pez Obrador (AMLO) en Palacio Nacional, en Ciudad de M\u00e9xico, tras una reuni\u00f3 breve con el secretario de Relaciones Exteriores, Marcelo Ebrard.<br><br><br>A su salida de Palacio Nacional, el canciller mexicano refiri\u00f3 que la tarde de este mi\u00e9rcoles la Secretar\u00eda de Relaciones Exteriores (SRE) dar\u00e1 a conocer a los medios un comunicado oficial sobre la reuni\u00f3n.<br><br>Buena conversaci\u00f3n con John, un convencido de la acci\u00f3n clim\u00e1tica. pic.twitter.com\/t2sv4OvpaS<br><br>\u2014 Marcelo Ebrard C. (@m_ebrard) February 9, 2022<br><br>Este mi\u00e9rcoles en su cuenta de Twitter, John Kerry, tambi\u00e9n exsecretario de Estado y exsenador por el estado de Massachusetts, se dijo contento por estar de regreso en Palacio Nacional para charlar con el presidente AMLO sobre la crisis clim\u00e1tica:<br><br>Great to be back in Mexico with President @LopezObrador discussing opportunities to fight the climate crisis, expand renewable power generation, and combat methane. Much more to do, and we want to do it together.<br><br>\u2014 Special Presidential Envoy John Kerry (@ClimateEnvoy) February 9, 2022<br>\u201cGenial estar de regreso en M\u00e9xico con el presidente L\u00f3pez Obrador para discutir oportunidades para combatir la crisis clim\u00e1tica, expandir la generaci\u00f3n de energ\u00eda renovable y combatir el metano. Mucho m\u00e1s por hacer, y queremos hacerlo juntos\u201d.<br><br>John Kerry en Palacio Nacional<br>El funcionario es enviado del presidente de Estados Unidos, Joe Biden<br>Sigue los esfuerzos para que M\u00e9xico desarrolle m\u00e1s energ\u00edas renovables<br>La visita de John Kerry en Palacio Nacional se suma a la de Jennifer Granholm, secretaria de Energ\u00eda del pa\u00eds vecino, quien se reuni\u00f3 con el presidente L\u00f3pez Obrador a mediados de enero para conversar sobre \u201coportunidades\u201d de M\u00e9xico en materia de energ\u00edas verdes, agenda prioritaria de Joe Biden.<br><br><br>In each meeting, we expressly conveyed the Biden-Harris Administration\u2019s real concerns with the potential negative impact of Mexico\u2019s proposed energy reforms on U.S. private investment in Mexico. https:\/\/t.co\/lkARtFrlsL pic.twitter.com\/odT1Cf4ujR<br><br>\u2014 Secretary Jennifer Granholm (@SecGranholm) January 21, 2022<br><br>En el marco de la visita de Kerry a AMLO en Palacio Nacional, el martes Marcelo Ebrard inform\u00f3 que M\u00e9xico y la Universidad de California lanzaron un grupo de trabajo para el desarrollo de veh\u00edculos cero emisiones contaminantes en la pr\u00f3xima d\u00e9cada.<br><br><br><br><br>INF. DE REDACCI\u00d3N\/CDMX\/M\u00c9XICO\/UNOTV&#8230;..<br><br><br><br><br><br><br><br><br><br><br><br><br><br><br><br><br><br><br><br><br><br><br><br><br><br><br><br><\/p>\n","protected":false},"excerpt":{"rendered":"<p>John Kerry, enviado de EU por Cambio Clim\u00e1tico, se reuni\u00f3 en Palacio Nacional con el presidente L\u00f3pez Obrador. Foto: Cuartoscuro<\/p>\n","protected":false},"author":2,"featured_media":33373,"comment_status":"open","ping_status":"open","sticky":false,"template":"","format":"standard","meta":{"colormag_page_container_layout":"default_layout","colormag_page_sidebar_layout":"default_layout","footnotes":""},"categories":[5],"tags":[],"class_list":["post-33368","post","type-post","status-publish","format-standard","has-post-thumbnail","hentry","category-nacional"],"_links":{"self":[{"href":"http:\/\/vocesver.com\/noticias\/wp-json\/wp\/v2\/posts\/33368","targetHints":{"allow":["GET"]}}],"collection":[{"href":"http:\/\/vocesver.com\/noticias\/wp-json\/wp\/v2\/posts"}],"about":[{"href":"http:\/\/vocesver.com\/noticias\/wp-json\/wp\/v2\/types\/post"}],"author":[{"embeddable":true,"href":"http:\/\/vocesver.com\/noticias\/wp-json\/wp\/v2\/users\/2"}],"replies":[{"embeddable":true,"href":"http:\/\/vocesver.com\/noticias\/wp-json\/wp\/v2\/comments?post=33368"}],"version-history":[{"count":2,"href":"http:\/\/vocesver.com\/noticias\/wp-json\/wp\/v2\/posts\/33368\/revisions"}],"predecessor-version":[{"id":33374,"href":"http:\/\/vocesver.com\/noticias\/wp-json\/wp\/v2\/posts\/33368\/revisions\/33374"}],"wp:featuredmedia":[{"embeddable":true,"href":"http:\/\/vocesver.com\/noticias\/wp-json\/wp\/v2\/media\/33373"}],"wp:attachment":[{"href":"http:\/\/vocesver.com\/noticias\/wp-json\/wp\/v2\/media?parent=33368"}],"wp:term":[{"taxonomy":"category","embeddable":true,"href":"http:\/\/vocesver.com\/noticias\/wp-json\/wp\/v2\/categories?post=33368"},{"taxonomy":"post_tag","embeddable":true,"href":"http:\/\/vocesver.com\/noticias\/wp-json\/wp\/v2\/tags?post=33368"}],"curies":[{"name":"wp","href":"https:\/\/api.w.org\/{rel}","templated":true}]}}