{"id":33361,"date":"2022-02-09T22:48:32","date_gmt":"2022-02-09T22:48:32","guid":{"rendered":"http:\/\/vocesver.com\/noticias\/?p=33361"},"modified":"2022-02-09T22:49:36","modified_gmt":"2022-02-09T22:49:36","slug":"hay-chamba-ve-fechas-y-estados-donde-insabi-reclutara-a-11-mil-medicos-y-enfermeras","status":"publish","type":"post","link":"http:\/\/vocesver.com\/noticias\/hay-chamba-ve-fechas-y-estados-donde-insabi-reclutara-a-11-mil-medicos-y-enfermeras\/","title":{"rendered":"\u00a1Hay chamba! Ve fechas y estados donde Insabi reclutar\u00e1 a 11 mil m\u00e9dicos y enfermeras"},"content":{"rendered":"\n<p><br><br>El Insabi contratar\u00e1 a 11 mil m\u00e9dicos y enfermeras desde este febrero y hasta julio 2022 en todo el pa\u00eds. Foto: Cuartoscuro.<br>REDACCI\u00d3N\/VOCESVER.COM\/NOTICIAS<br><br><br>NACIONAL.- A 9 DE FEBRERO 2022.- DE ACUERDO CON INFORMACI\u00d3N DE REDACCI\u00d3N\/CDMX\/M\u00c9XICO\/UNOTV&#8230;Juan Antonio Ferrer Aguilar, director del Instituto de Salud para el Bienestar (Insabi), inform\u00f3 que se reclutar\u00e1 a 11 mil m\u00e9dicos y enfermeras como parte de la Programaci\u00f3n de Cobertura de Recursos Humanos para que en julio todas las unidades m\u00e9dicas posean profesionales.<br><br><br>..El reclutamiento de m\u00e9dicos y enfermeras para el Insabi ya se realiz\u00f3 en diciembre de 2021 y enero de 2022 en Guerrero, Oaxaca, Colima, Tabasco y Nayarit, y durante este febrero se contratar\u00e1 a 523 elementos del personal m\u00e9dico y mil 24 de enfermer\u00eda en:<br><br>Baja California<br>Campeche<br>Michoac\u00e1n<br>Sonora<br>Sinaloa<br>M\u00e9dicos y enfermeras<br><br>Para marzo de 2022, Insabi ofertar\u00e1 513 plazas para m\u00e9dicos y m\u00e9dicas, y 461 para enfermeras y enfermeros, en Baja California Sur, Chiapas, Tlaxcala, Yucat\u00e1n y Zacatecas; en abril iniciar\u00e1 el proceso en Estado de M\u00e9xico, Aguascalientes, Coahuila y Chihuahua.<br><br>El Insabi reacondiciona los hospitales para el primer nivel de atenci\u00f3n<br>Tanto infraestructura como personal ser\u00e1 impulsado con este proyecto<br>\u201cEn mayo se llevar\u00e1 a cabo el proceso de contrataci\u00f3n en Ciudad de M\u00e9xico, Durango, Hidalgo y Veracruz. En junio, en Tamaulipas, Morelos, Jalisco y Quintana Roo. Finalmente, en julio, para San Luis Potos\u00ed, Puebla, Quer\u00e9taro y Nuevo Le\u00f3n\u201d.<br><br><br><br>Insabi contratar\u00e1<br>Ferrer Aguilar detall\u00f3 que se contratar\u00e1 a 11 mil 12 profesionales de la salud, de los cuales 4 mil 646 son plazas para m\u00e9dicos y 6 mil 366 para enfermeras; asegur\u00f3 que el Insabi busca atender a toda la poblaci\u00f3n sin seguridad social y ofrecer oportunidades a<br><br><br><br><br>INF. DE REDACCIPON\/CDMX\/M\u00c9XICO\/UNOTV&#8230;.<br><br><br><br><br><br><br><br><br><br><br><br><br><br><br><br><br><br><br><br><br><br><br><br><br><br><br><br><br><\/p>\n","protected":false},"excerpt":{"rendered":"<p>El Insabi contratar\u00e1 a 11 mil m\u00e9dicos y enfermeras desde este febrero y hasta julio 2022 en todo el pa\u00eds.<\/p>\n","protected":false},"author":2,"featured_media":33370,"comment_status":"open","ping_status":"open","sticky":false,"template":"","format":"standard","meta":{"colormag_page_container_layout":"default_layout","colormag_page_sidebar_layout":"default_layout","footnotes":""},"categories":[5],"tags":[],"class_list":["post-33361","post","type-post","status-publish","format-standard","has-post-thumbnail","hentry","category-nacional"],"_links":{"self":[{"href":"http:\/\/vocesver.com\/noticias\/wp-json\/wp\/v2\/posts\/33361","targetHints":{"allow":["GET"]}}],"collection":[{"href":"http:\/\/vocesver.com\/noticias\/wp-json\/wp\/v2\/posts"}],"about":[{"href":"http:\/\/vocesver.com\/noticias\/wp-json\/wp\/v2\/types\/post"}],"author":[{"embeddable":true,"href":"http:\/\/vocesver.com\/noticias\/wp-json\/wp\/v2\/users\/2"}],"replies":[{"embeddable":true,"href":"http:\/\/vocesver.com\/noticias\/wp-json\/wp\/v2\/comments?post=33361"}],"version-history":[{"count":2,"href":"http:\/\/vocesver.com\/noticias\/wp-json\/wp\/v2\/posts\/33361\/revisions"}],"predecessor-version":[{"id":33369,"href":"http:\/\/vocesver.com\/noticias\/wp-json\/wp\/v2\/posts\/33361\/revisions\/33369"}],"wp:featuredmedia":[{"embeddable":true,"href":"http:\/\/vocesver.com\/noticias\/wp-json\/wp\/v2\/media\/33370"}],"wp:attachment":[{"href":"http:\/\/vocesver.com\/noticias\/wp-json\/wp\/v2\/media?parent=33361"}],"wp:term":[{"taxonomy":"category","embeddable":true,"href":"http:\/\/vocesver.com\/noticias\/wp-json\/wp\/v2\/categories?post=33361"},{"taxonomy":"post_tag","embeddable":true,"href":"http:\/\/vocesver.com\/noticias\/wp-json\/wp\/v2\/tags?post=33361"}],"curies":[{"name":"wp","href":"https:\/\/api.w.org\/{rel}","templated":true}]}}